{"id":778,"date":"2025-09-01T21:42:10","date_gmt":"2025-09-01T19:42:10","guid":{"rendered":"https:\/\/movebs.de\/?p=778"},"modified":"2025-09-16T06:12:51","modified_gmt":"2025-09-16T04:12:51","slug":"vcd-und-movebs-praesentieren-die-s-bahn-braunschweig","status":"publish","type":"post","link":"https:\/\/movebs.de\/?p=778","title":{"rendered":"VCD und MoVeBS pr\u00e4sentieren die S-Bahn Braunschweig beim Tag der Schiene"},"content":{"rendered":"\n<p><\/p>\n\n\n\n<p>Der Regionalverband Gro\u00dfraum Braunschweig (RGB) hat eine Vision f\u00fcr den Schienenpersonennahverkehr (SPNV-Konzept 2030+) entwickelt und arbeitet bereits an dessen Umsetzung. Dieses wenig bekannte Konzept beinhaltet wesentliche Verbesserungen beim Regionalbahnangebot in unserer Region zwischen Harz und Heide: Auf vielen Linien kommt ein <strong>Halbstundentakt<\/strong>; weitere Bahnhaltepunkte werden <strong>barrierefrei<\/strong> neu gebaut; <strong>batterieelektrische Z\u00fcge<\/strong> (BEMU) sind in der Beschaffung und das Schienennetz wird teil<strong>elektrifiziert<\/strong>.<\/p>\n\n\n\n<p>Der VCD-Braunschweig und MoVeBs m\u00f6chten am Tag der Schiene demonstrieren, dass auch das innerst\u00e4dtische Verkehrsangebot von Braunschweig durch das SPNV-Konzept 2030+ erheblich profitiert. <strong>Neue Haltepunkte<\/strong> in Bienrode, Leiferde, Weststadt, V\u00f6lkenrode, Schwarzer Berg, Schuntersiedlung werden bisher schlecht angebundene Stadtteile direkt ans Bahnnetz anschlie\u00dfen. Auf einer \u201eStammstrecke\u201c zwischen Gliesmarode, Hauptbahnhof und Leiferde werden die Z\u00fcge im <strong>Viertelstundentakt<\/strong> verkehren. Das wiederum erzeugt neue <strong>schnelle und umsteigefreie Verbindungen<\/strong>. Dank diesem Ausbau des Regionalverkehrs wird auch die Stadt Braunschweig von einem intensivierten, <strong>S-Bahn-\u00e4hnlichen Angebot<\/strong> profitieren. Daher der Titel unserer Darstellung dieses verbesserten Angebots: \u201e<strong>S-Bahn Braunschweig<\/strong>\u201c.<\/p>\n\n\n\n<figure class=\"wp-block-image size-full\"><a href=\"https:\/\/movebs.de\/wp-content\/uploads\/2025\/09\/S-Bahn-Stadtgebiet.png\"><img loading=\"lazy\" decoding=\"async\" width=\"571\" height=\"504\" src=\"https:\/\/movebs.de\/wp-content\/uploads\/2025\/09\/S-Bahn-Stadtgebiet.png\" alt=\"\" class=\"wp-image-780\" srcset=\"https:\/\/movebs.de\/wp-content\/uploads\/2025\/09\/S-Bahn-Stadtgebiet.png 571w, https:\/\/movebs.de\/wp-content\/uploads\/2025\/09\/S-Bahn-Stadtgebiet-300x265.png 300w, https:\/\/movebs.de\/wp-content\/uploads\/2025\/09\/S-Bahn-Stadtgebiet-340x300.png 340w\" sizes=\"auto, (max-width: 571px) 100vw, 571px\" \/><\/a><\/figure>\n\n\n\n<p>Die neue S-Bahn durchl\u00e4uft die Stadtteile bogenf\u00f6rmig (<strong>tangential<\/strong>), w\u00e4hrend die Stadtbahn strahlenf\u00f6rmig (<strong>radial<\/strong>) verl\u00e4uft. Die beiden Bahnsysteme erg\u00e4nzen sich dabei ideal. Au\u00dferdem erm\u00f6glicht der Verlauf der Regionalbahn sehr schnelle Durchbindungen innerhalb des Stadtgebiets, am Verkehr vorbei. (Beispiel: schon jetzt kommt man mir dem regio von Gliesmarode zum Hauptbahnhof in nur 6 Minuten!)<\/p>\n\n\n\n<p>Das Nutzen f\u00fcr die Stadt Braunschweig h\u00e4ngt dabei wesentlich davon ab, dass der Regionalbahnbogen m\u00f6glichst weit in den Norden und Nordwesten gef\u00fchrt wird: die Haltepunkte Schuntersiedlung, Schwarzer Berg und V\u00f6lkenrode liegen n\u00e4mlich an einer Bahnstrecke, die f\u00fcr den Personenverkehr zu reaktivieren ist. Es handelt sich um den \u201e<strong>Spargelexpress<\/strong>\u201c nach Harvesse, f\u00fcr den eine B\u00fcrgerinitiative seit vielen Jahren k\u00e4mpft. Der VCD-Braunschweig und MoVeBs m\u00f6chten am Tag der Schiene auch auf die Bedeutung des Spargelexpresses f\u00fcr Braunschweig hinweisen.<\/p>\n\n\n\n<p><em>Wir, der VCD-Braunschweig und MoVeBS, laden alle Interessierten herzlich ein, sich \u00fcber unsere Vision f\u00fcr&nbsp;eine bessere Bahnregion zu informieren, mit uns ins Gespr\u00e4ch zu kommen \u2013 und nat\u00fcrlich auch ein bisschen zu genie\u00dfen. In dem Sinne informieren wir auch \u00fcber <strong>Ausflugsm\u00f6glichkeiten<\/strong> mit der Bahn in der Region sowie \u00fcber die Arbeit der Verb\u00e4nde und Initiativen f\u00fcr die <strong>Verkehrswende<\/strong>. F\u00fcr alle, die immer \u201eBahnhof\u201c verstehen und denen bei \u201eS-Bahn\u201c der Magen knurrt, gibt es ein kleines, regionaltypisches <strong>kulinarisches Angebot<\/strong>.<\/em><\/p>\n\n\n\n<p><em>Weitere Informationen und Einblicke in das Konzept gibt es am <a href=\"https:\/\/tag-der-schiene.de\/event\/gemeinsamer-aktionstag-tag-der-schiene-und-europaeische-mobilitaetswoche\/\">Tag der Schiene<\/a>\u00a0direkt am Stand von VCD und MoVeBS \u2013 wir freuen uns auf Ihren Besuch!<\/em><\/p>\n\n\n\n<p><em>F\u00fcr R\u00fcckfragen:<\/em><br><strong>MoVeBs<\/strong> &#8211; Aktionsb\u00fcndnis zur Verbesserung von <strong>Mo<\/strong>bilit\u00e4t und <strong>Ve<\/strong>rkehr in <strong>Braunschweig<\/strong><br><em>E-Mail: <a href=\"mailto:kontakt@movebs.de\">kontakt@movebs.de<\/a><\/em><\/p>\n\n\n\n<p><\/p>\n","protected":false},"excerpt":{"rendered":"<p>Der Regionalverband Gro\u00dfraum Braunschweig (RGB) hat eine Vision f\u00fcr den Schienenpersonennahverkehr (SPNV-Konzept 2030+) entwickelt und arbeitet bereits an dessen Umsetzung. Dieses wenig bekannte Konzept beinhaltet wesentliche Verbesserungen beim Regionalbahnangebot in unserer Region zwischen Harz und Heide: Auf vielen Linien kommt &hellip; <a href=\"https:\/\/movebs.de\/?p=778\">Weiterlesen <span class=\"meta-nav\">&rarr;<\/span><\/a><\/p>\n","protected":false},"author":1,"featured_media":0,"comment_status":"closed","ping_status":"open","sticky":false,"template":"","format":"standard","meta":{"footnotes":""},"categories":[4],"tags":[],"class_list":["post-778","post","type-post","status-publish","format-standard","hentry","category-aktuell"],"post_mailing_queue_ids":[],"_links":{"self":[{"href":"https:\/\/movebs.de\/index.php?rest_route=\/wp\/v2\/posts\/778","targetHints":{"allow":["GET"]}}],"collection":[{"href":"https:\/\/movebs.de\/index.php?rest_route=\/wp\/v2\/posts"}],"about":[{"href":"https:\/\/movebs.de\/index.php?rest_route=\/wp\/v2\/types\/post"}],"author":[{"embeddable":true,"href":"https:\/\/movebs.de\/index.php?rest_route=\/wp\/v2\/users\/1"}],"replies":[{"embeddable":true,"href":"https:\/\/movebs.de\/index.php?rest_route=%2Fwp%2Fv2%2Fcomments&post=778"}],"version-history":[{"count":5,"href":"https:\/\/movebs.de\/index.php?rest_route=\/wp\/v2\/posts\/778\/revisions"}],"predecessor-version":[{"id":787,"href":"https:\/\/movebs.de\/index.php?rest_route=\/wp\/v2\/posts\/778\/revisions\/787"}],"wp:attachment":[{"href":"https:\/\/movebs.de\/index.php?rest_route=%2Fwp%2Fv2%2Fmedia&parent=778"}],"wp:term":[{"taxonomy":"category","embeddable":true,"href":"https:\/\/movebs.de\/index.php?rest_route=%2Fwp%2Fv2%2Fcategories&post=778"},{"taxonomy":"post_tag","embeddable":true,"href":"https:\/\/movebs.de\/index.php?rest_route=%2Fwp%2Fv2%2Ftags&post=778"}],"curies":[{"name":"wp","href":"https:\/\/api.w.org\/{rel}","templated":true}]}}