{"id":767,"date":"2025-05-06T13:54:44","date_gmt":"2025-05-06T11:54:44","guid":{"rendered":"https:\/\/movebs.de\/?p=767"},"modified":"2025-05-06T13:55:49","modified_gmt":"2025-05-06T11:55:49","slug":"demo-fuer-den-erhalt-der-regiobusse-am-8-mai","status":"publish","type":"post","link":"https:\/\/movebs.de\/?p=767","title":{"rendered":"Demo f\u00fcr den Erhalt der Regiobusse am 8. Mai"},"content":{"rendered":"\n<p>Braunschweig, 6. Mai 2025 \u2013 Unter dem Motto \u201e\u00d6PNV ist Zukunft \u2013Regiobusse retten!\u201c rufen Mobilit\u00e4tsverb\u00e4nde in der RegionBraunschweig, darunter VCD und MoVeBs, zu einer Demonstration am Donnerstag, den 8. Mai 2025, ab 17:00 Uhr auf. Treffpunkt ist der Schlosshof im Schloss Gifhorn, Schlo\u00dfpl. 1 in 38518 Gifhorn. Die Verb\u00e4nde werden mit Worten und ebenso musikalisch mit Blechbl\u00e4sern vor Ort protestieren und auf den drohenden Kahlschlag hinweisen.<\/p>\n\n\n\n<p>Hintergrund der Protestaktion ist die drohende gr\u00f6\u00dfte K\u00fcrzung im regionalen \u00f6ffentlichen Nahverkehr seit Jahrzehnten. Die geplanten Einsparungen gef\u00e4hrden die Finanzierung der Regionalbuslinien und haben weitreichende Folgen f\u00fcr Klimaschutz, Mobilit\u00e4t und Lebensqualit\u00e4t in der gesamten Region.Was steht auf dem Spiel?<\/p>\n\n\n\n<p>Gef\u00e4hrdung der Klimaschutzziele im Verkehrssektor<\/p>\n\n\n\n<p>Scheitern der Mobilit\u00e4tswende und stagnierende Fahrgastzahlen<\/p>\n\n\n\n<p>Verlust treuer \u00d6PNV-Nutzerinnen und -Nutzer<\/p>\n\n\n\n<p>Einbu\u00dfen f\u00fcr den innerst\u00e4dtischen Einzelhandel<\/p>\n\n\n\n<p>Schw\u00e4chung des regionalen Wirtschaftsstandortes<\/p>\n\n\n\n<p>Abkopplung l\u00e4ndlicher Gebiete vom Bus- und Nahverkehr<\/p>\n\n\n\n<p>Die negativen Folgen: Mehr Autoverkehr, L\u00e4rm und Abgase in den St\u00e4dten, ein Gef\u00fchl des \u201eAbgeh\u00e4ngtseins\u201c in der Bev\u00f6lkerung, sinkende Attraktivit\u00e4t l\u00e4ndlicher R\u00e4ume und eine gef\u00e4hrliche Abw\u00e4rtsspirale f\u00fcr den \u00d6PNV.<\/p>\n\n\n\n<p>Unsere Forderung: Wir fordern den Erhalt der Regiobus-Leistungen sowie eine nachhaltige und gerechte Finanzierungsl\u00f6sung! Mobilit\u00e4t, Klimaschutz und Daseinsvorsorge in der Region Braunschweig d\u00fcrfen nicht aufs Spiel gesetzt werden. Eine Entscheidung dieser Tragweite darf nicht ohne \u00f6ffentliche Beteiligung und sachliche Diskussion fallen.\u00d6PNV ist kein Kostenfaktor, sondern eine Zukunftsinvestition! Der \u00f6ffentliche Nahverkehr braucht betriebswirtschaftliche Zusch\u00fcsse \u2013doch volkswirtschaftlich ist er deutlich effizienter als der Autoverkehr und hilft, Klimafolgekosten zu reduzieren.<\/p>\n\n\n\n<p>Das Geld ist da \u2013 es muss nur ankommen! Das Land Niedersachsen hat das Haushaltsjahr 2024 mit einem \u00dcberschuss von 1,5Milliarden Euro abgeschlossen. Diese Mittel m\u00fcssen auch dem \u00d6PNV zugutekommen! Unser Bundesland liegt bundesweit bei den \u00d6PNV-Aufwendungen auf dem letzten Platz \u2013 das darf so nicht bleiben. Wir rufen alle B\u00fcrgerinnen und B\u00fcrger auf, sich der Demo anzuschlie\u00dfen und ein starkes Zeichen f\u00fcr eine zukunftsf\u00e4hige Mobilit\u00e4t in unserer Region zu setzen!<\/p>\n\n\n\n<p>Kontakt f\u00fcr R\u00fcckfragen:<\/p>\n\n\n\n<p>Peter Westphal 05308 2824<\/p>\n\n\n\n<p>Konrad Sch\u00f6ller 0179 476560<\/p>\n\n\n\n<figure class=\"wp-block-image size-full\"><a href=\"https:\/\/movebs.de\/wp-content\/uploads\/2025\/05\/1000014829-2.png\"><img loading=\"lazy\" decoding=\"async\" width=\"1024\" height=\"1024\" src=\"https:\/\/movebs.de\/wp-content\/uploads\/2025\/05\/1000014829-2.png\" alt=\"\" class=\"wp-image-771\" srcset=\"https:\/\/movebs.de\/wp-content\/uploads\/2025\/05\/1000014829-2.png 1024w, https:\/\/movebs.de\/wp-content\/uploads\/2025\/05\/1000014829-2-300x300.png 300w, https:\/\/movebs.de\/wp-content\/uploads\/2025\/05\/1000014829-2-150x150.png 150w, https:\/\/movebs.de\/wp-content\/uploads\/2025\/05\/1000014829-2-768x768.png 768w\" sizes=\"auto, (max-width: 1024px) 100vw, 1024px\" \/><\/a><\/figure>\n\n\n\n<p><\/p>\n","protected":false},"excerpt":{"rendered":"<p>Braunschweig, 6. Mai 2025 \u2013 Unter dem Motto \u201e\u00d6PNV ist Zukunft \u2013Regiobusse retten!\u201c rufen Mobilit\u00e4tsverb\u00e4nde in der RegionBraunschweig, darunter VCD und MoVeBs, zu einer Demonstration am Donnerstag, den 8. Mai 2025, ab 17:00 Uhr auf. Treffpunkt ist der Schlosshof im &hellip; <a href=\"https:\/\/movebs.de\/?p=767\">Weiterlesen <span class=\"meta-nav\">&rarr;<\/span><\/a><\/p>\n","protected":false},"author":3,"featured_media":0,"comment_status":"closed","ping_status":"open","sticky":false,"template":"","format":"standard","meta":{"footnotes":""},"categories":[4],"tags":[],"class_list":["post-767","post","type-post","status-publish","format-standard","hentry","category-aktuell"],"post_mailing_queue_ids":[],"_links":{"self":[{"href":"https:\/\/movebs.de\/index.php?rest_route=\/wp\/v2\/posts\/767","targetHints":{"allow":["GET"]}}],"collection":[{"href":"https:\/\/movebs.de\/index.php?rest_route=\/wp\/v2\/posts"}],"about":[{"href":"https:\/\/movebs.de\/index.php?rest_route=\/wp\/v2\/types\/post"}],"author":[{"embeddable":true,"href":"https:\/\/movebs.de\/index.php?rest_route=\/wp\/v2\/users\/3"}],"replies":[{"embeddable":true,"href":"https:\/\/movebs.de\/index.php?rest_route=%2Fwp%2Fv2%2Fcomments&post=767"}],"version-history":[{"count":2,"href":"https:\/\/movebs.de\/index.php?rest_route=\/wp\/v2\/posts\/767\/revisions"}],"predecessor-version":[{"id":772,"href":"https:\/\/movebs.de\/index.php?rest_route=\/wp\/v2\/posts\/767\/revisions\/772"}],"wp:attachment":[{"href":"https:\/\/movebs.de\/index.php?rest_route=%2Fwp%2Fv2%2Fmedia&parent=767"}],"wp:term":[{"taxonomy":"category","embeddable":true,"href":"https:\/\/movebs.de\/index.php?rest_route=%2Fwp%2Fv2%2Fcategories&post=767"},{"taxonomy":"post_tag","embeddable":true,"href":"https:\/\/movebs.de\/index.php?rest_route=%2Fwp%2Fv2%2Ftags&post=767"}],"curies":[{"name":"wp","href":"https:\/\/api.w.org\/{rel}","templated":true}]}}