{"id":747,"date":"2025-02-12T19:44:19","date_gmt":"2025-02-12T18:44:19","guid":{"rendered":"https:\/\/movebs.de\/?p=747"},"modified":"2025-02-12T19:44:20","modified_gmt":"2025-02-12T18:44:20","slug":"gruenewaldstrasse-vcd-fordert-rueckkehr-zur-sachpolitik","status":"publish","type":"post","link":"https:\/\/movebs.de\/?p=747","title":{"rendered":"Gr\u00fcnewaldstra\u00dfe: VCD fordert R\u00fcckkehr zur Sachpolitik"},"content":{"rendered":"\n<p>Die Diskussion um eine L\u00f6sung f\u00fcr die Bahnquerung der Gr\u00fcnewaldstra\u00dfe war in letzter Zeit aufgeheizt und gepr\u00e4gt von einem von emotionalen Argumenten angef\u00fchrtem B\u00fcrgerbegehren <a href=\"https:\/\/www.braunschweiger-zeitung.de\/niedersachsen\/braunschweig\/article408235561\/braunschweigs-buerger-retten-die-gruenewald-baeume.html\" target=\"_blank\" rel=\"noreferrer noopener\">[1]<\/a> <a href=\"https:\/\/www.braunschweiger-zeitung.de\/niedersachsen\/braunschweig\/article408135501\/braunschweig-spd-kippt-unterstuetzung-fuer-bahn-unterfuehrung.html\" target=\"_blank\" rel=\"noreferrer noopener\">[2]<\/a>. In diese Diskussion bringt nun der VCD einen <a href=\"https:\/\/niedersachsen.vcd.org\/der-vcd-in-niedersachsen\/braunschweig\/oeffentlicher-brief-und-video-simulation-zur-untertunnelung-gruenewaldstrasse\" target=\"_blank\" rel=\"noreferrer noopener\">offenen Brief an die Poltik<\/a>. Er fordert die R\u00fcckkehr zur st\u00e4rkeren Fokussierung auf die Sachargumente, statt politische Entscheidungen auf Basis von &#8222;Lautst\u00e4rke&#8220; zu treffen. Tats\u00e4chlich besteht beispielsweise aufgrund der Zulassungsregeln von Eisenbahnkreuzungen ein gro\u00dfes Risiko, dass bei einer Entscheidung gegen die Br\u00fcckenl\u00f6sung zuk\u00fcnftig gar keine Kreuzungsm\u00f6glichkeit mehr besteht &#8211; also auch kein Bahn\u00fcbergang.<\/p>\n\n\n\n<p>Der Beitrag des VCD wird erg\u00e4nzt um das folgende, aufw\u00e4ndige <a href=\"https:\/\/www.youtube.com\/watch?v=Gd9v9xG0UZI\" data-type=\"link\" data-id=\"https:\/\/www.youtube.com\/watch?v=Gd9v9xG0UZI\" target=\"_blank\" rel=\"noreferrer noopener\">Demovideo<\/a>, wie eine Unterf\u00fchrung aussehen k\u00f6nnte:<\/p>\n\n\n\n<figure class=\"wp-block-image size-full\"><a href=\"https:\/\/www.youtube.com\/watch?v=Gd9v9xG0UZI\" target=\"_blank\" rel=\" noreferrer noopener\"><img loading=\"lazy\" decoding=\"async\" width=\"1000\" height=\"562\" src=\"https:\/\/movebs.de\/wp-content\/uploads\/2025\/02\/VCD_Gruenewaldstrasse_1000.jpg\" alt=\"\" class=\"wp-image-748\" srcset=\"https:\/\/movebs.de\/wp-content\/uploads\/2025\/02\/VCD_Gruenewaldstrasse_1000.jpg 1000w, https:\/\/movebs.de\/wp-content\/uploads\/2025\/02\/VCD_Gruenewaldstrasse_1000-300x169.jpg 300w, https:\/\/movebs.de\/wp-content\/uploads\/2025\/02\/VCD_Gruenewaldstrasse_1000-768x432.jpg 768w, https:\/\/movebs.de\/wp-content\/uploads\/2025\/02\/VCD_Gruenewaldstrasse_1000-500x281.jpg 500w\" sizes=\"auto, (max-width: 1000px) 100vw, 1000px\" \/><\/a><figcaption class=\"wp-element-caption\">M\u00f6gliche Gestaltung der Unterf\u00fchrung (Quelle: VCD Braunschweig)<\/figcaption><\/figure>\n\n\n\n<p>MoVeBs unterst\u00fctzt die Forderung des VCD! Wir sind bereits ausf\u00fchrlich auf die Vorteile in unserem <a href=\"https:\/\/movebs.de\/?p=717\" data-type=\"link\" data-id=\"https:\/\/movebs.de\/?p=717\" target=\"_blank\" rel=\"noreferrer noopener\">Beitrag vom 6. Juni 2023<\/a> eingegangen.<\/p>\n","protected":false},"excerpt":{"rendered":"<p>Die Diskussion um eine L\u00f6sung f\u00fcr die Bahnquerung der Gr\u00fcnewaldstra\u00dfe war in letzter Zeit aufgeheizt und gepr\u00e4gt von einem von emotionalen Argumenten angef\u00fchrtem B\u00fcrgerbegehren [1] [2]. In diese Diskussion bringt nun der VCD einen offenen Brief an die Poltik. Er &hellip; <a href=\"https:\/\/movebs.de\/?p=747\">Weiterlesen <span class=\"meta-nav\">&rarr;<\/span><\/a><\/p>\n","protected":false},"author":2,"featured_media":0,"comment_status":"closed","ping_status":"open","sticky":false,"template":"","format":"standard","meta":{"footnotes":""},"categories":[4],"tags":[39,40,41,23],"class_list":["post-747","post","type-post","status-publish","format-standard","hentry","category-aktuell","tag-bahnuebergang","tag-bue","tag-gruenewaldstrasse","tag-vcd"],"post_mailing_queue_ids":[],"_links":{"self":[{"href":"https:\/\/movebs.de\/index.php?rest_route=\/wp\/v2\/posts\/747","targetHints":{"allow":["GET"]}}],"collection":[{"href":"https:\/\/movebs.de\/index.php?rest_route=\/wp\/v2\/posts"}],"about":[{"href":"https:\/\/movebs.de\/index.php?rest_route=\/wp\/v2\/types\/post"}],"author":[{"embeddable":true,"href":"https:\/\/movebs.de\/index.php?rest_route=\/wp\/v2\/users\/2"}],"replies":[{"embeddable":true,"href":"https:\/\/movebs.de\/index.php?rest_route=%2Fwp%2Fv2%2Fcomments&post=747"}],"version-history":[{"count":1,"href":"https:\/\/movebs.de\/index.php?rest_route=\/wp\/v2\/posts\/747\/revisions"}],"predecessor-version":[{"id":749,"href":"https:\/\/movebs.de\/index.php?rest_route=\/wp\/v2\/posts\/747\/revisions\/749"}],"wp:attachment":[{"href":"https:\/\/movebs.de\/index.php?rest_route=%2Fwp%2Fv2%2Fmedia&parent=747"}],"wp:term":[{"taxonomy":"category","embeddable":true,"href":"https:\/\/movebs.de\/index.php?rest_route=%2Fwp%2Fv2%2Fcategories&post=747"},{"taxonomy":"post_tag","embeddable":true,"href":"https:\/\/movebs.de\/index.php?rest_route=%2Fwp%2Fv2%2Ftags&post=747"}],"curies":[{"name":"wp","href":"https:\/\/api.w.org\/{rel}","templated":true}]}}