{"id":730,"date":"2024-07-20T20:41:13","date_gmt":"2024-07-20T18:41:13","guid":{"rendered":"https:\/\/movebs.de\/?p=730"},"modified":"2024-07-20T20:41:14","modified_gmt":"2024-07-20T18:41:14","slug":"movebs-trauert-um-robert-slawski","status":"publish","type":"post","link":"https:\/\/movebs.de\/?p=730","title":{"rendered":"MoVeBs trauert um Robert Slawski"},"content":{"rendered":"\n<p>Am 15. Juli ist sehr pl\u00f6tzlich und \u00fcberraschend unser langj\u00e4hriger Mitstreiter Robert Slawski verstorben. Robert war \u00fcber viele Jahre als Vertreter des BUND bei uns an Bord und hat mit gro\u00dfem Engagement und Enthusiasmus an Projekten wie beispielsweise der kritischen Begleitung des Baus der Stadtstra\u00dfe Nord oder der Reaktivierung der Bahnstrecke Braunschweig &#8211; Harvesse tatkr\u00e4ftig mitgewirkt. Er war immer interessiert an L\u00f6sungen, bei denen Naturschutz und Klimaschutz im Einklang stehen.<br>Wir erinnern uns an kurzweilige MoVeBs-Treffen, auf denen Robert die Interessen der Natur und des Umweltschutzes in der Verkehrswende engagiert eingebracht hat und mit Freude an spannenden Diskussion teilgenommen hat. Auf F\u00fchrungen hat Robert uns die vielf\u00e4ltigen Aspekte des Lebensraums Natur anschaulich n\u00e4her gebracht und in den Kontext der Verkehrsplanung gebracht. Ebenso hat er sich gefreut, neue Dinge wie z.B. zur Organisation des \u00d6PNV zu lernen und sich dort entsprechend einzubringen.<br>Die Zusammenarbeit mit Robert war stets spannend, bereichernd und mitunter auch sehr emotional. Sein Enthusiasmus, seine Streitbarkeit, seine Liebe zur Natur, seine gro\u00dfe Hilfsbereitschaft: Wir werden ihn sehr vermissen!<\/p>\n\n\n\n<figure class=\"wp-block-image size-large\"><a href=\"https:\/\/movebs.de\/wp-content\/uploads\/2024\/07\/Nachruf_robert-slawski_SW-scaled.jpg\"><img loading=\"lazy\" decoding=\"async\" width=\"683\" height=\"1024\" src=\"https:\/\/movebs.de\/wp-content\/uploads\/2024\/07\/Nachruf_robert-slawski_SW-683x1024.jpg\" alt=\"\" class=\"wp-image-731\" srcset=\"https:\/\/movebs.de\/wp-content\/uploads\/2024\/07\/Nachruf_robert-slawski_SW-683x1024.jpg 683w, https:\/\/movebs.de\/wp-content\/uploads\/2024\/07\/Nachruf_robert-slawski_SW-200x300.jpg 200w, https:\/\/movebs.de\/wp-content\/uploads\/2024\/07\/Nachruf_robert-slawski_SW-768x1152.jpg 768w, https:\/\/movebs.de\/wp-content\/uploads\/2024\/07\/Nachruf_robert-slawski_SW-1024x1536.jpg 1024w, https:\/\/movebs.de\/wp-content\/uploads\/2024\/07\/Nachruf_robert-slawski_SW-1365x2048.jpg 1365w, https:\/\/movebs.de\/wp-content\/uploads\/2024\/07\/Nachruf_robert-slawski_SW-scaled.jpg 1707w\" sizes=\"auto, (max-width: 683px) 100vw, 683px\" \/><\/a><figcaption class=\"wp-element-caption\">Foto: Furkan \u00d6zdemir, Elmwanderung MoVeBs \/ VCD-Braunschweig im April 2024<\/figcaption><\/figure>\n","protected":false},"excerpt":{"rendered":"<p>Am 15. Juli ist sehr pl\u00f6tzlich und \u00fcberraschend unser langj\u00e4hriger Mitstreiter Robert Slawski verstorben. Robert war \u00fcber viele Jahre als Vertreter des BUND bei uns an Bord und hat mit gro\u00dfem Engagement und Enthusiasmus an Projekten wie beispielsweise der kritischen &hellip; <a href=\"https:\/\/movebs.de\/?p=730\">Weiterlesen <span class=\"meta-nav\">&rarr;<\/span><\/a><\/p>\n","protected":false},"author":2,"featured_media":0,"comment_status":"closed","ping_status":"open","sticky":false,"template":"","format":"standard","meta":{"footnotes":""},"categories":[4],"tags":[],"class_list":["post-730","post","type-post","status-publish","format-standard","hentry","category-aktuell"],"post_mailing_queue_ids":[],"_links":{"self":[{"href":"https:\/\/movebs.de\/index.php?rest_route=\/wp\/v2\/posts\/730","targetHints":{"allow":["GET"]}}],"collection":[{"href":"https:\/\/movebs.de\/index.php?rest_route=\/wp\/v2\/posts"}],"about":[{"href":"https:\/\/movebs.de\/index.php?rest_route=\/wp\/v2\/types\/post"}],"author":[{"embeddable":true,"href":"https:\/\/movebs.de\/index.php?rest_route=\/wp\/v2\/users\/2"}],"replies":[{"embeddable":true,"href":"https:\/\/movebs.de\/index.php?rest_route=%2Fwp%2Fv2%2Fcomments&post=730"}],"version-history":[{"count":1,"href":"https:\/\/movebs.de\/index.php?rest_route=\/wp\/v2\/posts\/730\/revisions"}],"predecessor-version":[{"id":732,"href":"https:\/\/movebs.de\/index.php?rest_route=\/wp\/v2\/posts\/730\/revisions\/732"}],"wp:attachment":[{"href":"https:\/\/movebs.de\/index.php?rest_route=%2Fwp%2Fv2%2Fmedia&parent=730"}],"wp:term":[{"taxonomy":"category","embeddable":true,"href":"https:\/\/movebs.de\/index.php?rest_route=%2Fwp%2Fv2%2Fcategories&post=730"},{"taxonomy":"post_tag","embeddable":true,"href":"https:\/\/movebs.de\/index.php?rest_route=%2Fwp%2Fv2%2Ftags&post=730"}],"curies":[{"name":"wp","href":"https:\/\/api.w.org\/{rel}","templated":true}]}}