

{"id":720,"date":"2024-06-21T14:06:04","date_gmt":"2024-06-21T12:06:04","guid":{"rendered":"https:\/\/movebs.de\/?p=720"},"modified":"2024-06-21T14:06:05","modified_gmt":"2024-06-21T12:06:05","slug":"vcd-und-movebs-fordern-umweltvertraeglichere-anpassung-des-oelper-knotens","status":"publish","type":"post","link":"https:\/\/movebs.de\/?p=720","title":{"rendered":"VCD und MoVeBs fordern umweltvertr\u00e4glichere Anpassung des \u00d6lper Knotens"},"content":{"rendered":"\n<p>VCD Braunschweig und MoVeBs appellieren an die Politik in Bund, Land und Region, die Notwendigkeit des \u00dcberfliegers im \u00d6lper Knoten, anhand neuer Daten und unter Ber\u00fccksichtigung von Verkehrs- und Klimazielen neu zu bewerten.<\/p>\n\n\n\n<p>Die Autobahnverwaltung hat den Bau eines neuen \u00dcberfliegers am \u00d6lper Knoten, zwischen den Autobahnen A392 und A391, angek\u00fcndigt. Sie bevorzugt eine L\u00f6sung, die sich durch unn\u00f6tig hohe Leistungsf\u00e4higkeit auszeichnet. Die zugrunde liegenden Berechnungen basieren auf dem Verkehrsmodell Niedersachsen von 2016, ohne aktuelle politische Ziele f\u00fcr Verkehrsaufkommen, Mobilit\u00e4tsentwicklung, Klimaschutz oder ver\u00e4ndertes Verkehrsverhalten zu ber\u00fccksichtigen.<\/p>\n\n\n\n<figure class=\"wp-block-image size-large is-resized\"><a href=\"https:\/\/movebs.de\/wp-content\/uploads\/2024\/06\/Ueberflieger_Fernansicht.jpg\"><img loading=\"lazy\" decoding=\"async\" width=\"1024\" height=\"576\" src=\"https:\/\/movebs.de\/wp-content\/uploads\/2024\/06\/Ueberflieger_Fernansicht-1024x576.jpg\" alt=\"\" class=\"wp-image-721\" style=\"width:614px;height:auto\" srcset=\"https:\/\/movebs.de\/wp-content\/uploads\/2024\/06\/Ueberflieger_Fernansicht-1024x576.jpg 1024w, https:\/\/movebs.de\/wp-content\/uploads\/2024\/06\/Ueberflieger_Fernansicht-300x169.jpg 300w, https:\/\/movebs.de\/wp-content\/uploads\/2024\/06\/Ueberflieger_Fernansicht-768x432.jpg 768w, https:\/\/movebs.de\/wp-content\/uploads\/2024\/06\/Ueberflieger_Fernansicht-500x281.jpg 500w, https:\/\/movebs.de\/wp-content\/uploads\/2024\/06\/Ueberflieger_Fernansicht.jpg 1260w\" sizes=\"auto, (max-width: 1024px) 100vw, 1024px\" \/><\/a><figcaption class=\"wp-element-caption\">Der \u00dcberflieger aus der Luftperspektive (Bild-Urheber: VCD Braunschweig)<\/figcaption><\/figure>\n\n\n\n<p>Ein <a href=\"https:\/\/www.braunschweig.de\/leben\/stadtplan_verkehr\/verkehrsplanung\/PFV_BS_2_Unterlage_22_Verkehrsuntersuchung.pdf\" target=\"_blank\" rel=\"noreferrer noopener\">fr\u00fcheres Gutachten zur Leistungsf\u00e4higkeit der Autobahnanschlussstelle Braunschweig-S\u00fcd<\/a> zeigt, dass die tats\u00e4chliche Kapazit\u00e4t einer einspurigen Schleifenrampe (sogenanntes viertes Ohr) h\u00f6her ist als theoretisch angenommen und dass keine Staus beobachtet werden. Trotzdem plant die Autobahn GmbH den Bau einer zweispurigen \u00dcberf\u00fchrung, obwohl eine einspurige Variante mit einem vierten Ohr ausreichend w\u00e4re. Diese w\u00fcrde weniger Fl\u00e4che versiegeln und Geld sparen, denn eine Schleifenrampe muss ohnehin f\u00fcr die Bauzeit errichtet werden. In Anbetracht knapper Kassen sehen wir die 25Mio. Euro besser investiert in z.B. den Radschnellweg nach Wolfenb\u00fcttel und Salzgitter, statt in ein viel zu gro\u00dfes Autobahnprojekt.<\/p>\n\n\n\n<figure class=\"wp-block-image size-large\"><a href=\"https:\/\/movebs.de\/wp-content\/uploads\/2024\/06\/Ueberflieger_Unten.jpg\"><img loading=\"lazy\" decoding=\"async\" width=\"1024\" height=\"576\" src=\"https:\/\/movebs.de\/wp-content\/uploads\/2024\/06\/Ueberflieger_Unten-1024x576.jpg\" alt=\"\" class=\"wp-image-723\" srcset=\"https:\/\/movebs.de\/wp-content\/uploads\/2024\/06\/Ueberflieger_Unten-1024x576.jpg 1024w, https:\/\/movebs.de\/wp-content\/uploads\/2024\/06\/Ueberflieger_Unten-300x169.jpg 300w, https:\/\/movebs.de\/wp-content\/uploads\/2024\/06\/Ueberflieger_Unten-768x432.jpg 768w, https:\/\/movebs.de\/wp-content\/uploads\/2024\/06\/Ueberflieger_Unten-500x281.jpg 500w, https:\/\/movebs.de\/wp-content\/uploads\/2024\/06\/Ueberflieger_Unten.jpg 1260w\" sizes=\"auto, (max-width: 1024px) 100vw, 1024px\" \/><\/a><figcaption class=\"wp-element-caption\">Von Nahem wird die massive, betonlastige Bauweise der Br\u00fcckenkonstruktion deutlich  (Bild-Urheber: VCD Braunschweig)<\/figcaption><\/figure>\n\n\n\n<p>Der VCD Braunschweig und das Aktionsb\u00fcndnis MoVeBs lehnen den Bau eines \u00fcberdimensionierten \u00dcberfliegers ab, kritisieren die Fl\u00e4chenversiegelung, die hohen Kosten und die negativen Umweltauswirkungen, und fordern eine \u00dcberpr\u00fcfung und Aktualisierung der Planungsdaten.<\/p>\n\n\n\n<p>Weitere Dokumente:<\/p>\n\n\n\n<ul class=\"wp-block-list\">\n<li><a href=\"https:\/\/movebs.de\/wp-content\/uploads\/2024\/06\/2024-06-10_UeberfliegerA392_Pressemitteilung.pdf\" data-type=\"attachment\" data-id=\"725\" target=\"_blank\" rel=\"noreferrer noopener\">Pressemitteilung als PDF<\/a><\/li>\n\n\n\n<li><a href=\"https:\/\/movebs.de\/wp-content\/uploads\/2024\/06\/2024-06-10_UeberfliegerA392_Stellungnahme.pdf\" data-type=\"attachment\" data-id=\"726\" target=\"_blank\" rel=\"noreferrer noopener\">Stellungnahme (PDF)<\/a><\/li>\n\n\n\n<li><a href=\"https:\/\/movebs.de\/wp-content\/uploads\/2024\/06\/2024-06-10_UeberfliegerA392_Vergleichskarten.pdf\" data-type=\"attachment\" data-id=\"727\" target=\"_blank\" rel=\"noreferrer noopener\">Visualisierungen beider Varianten im Vergleich (PDF)<\/a><\/li>\n<\/ul>\n\n\n\n\n\n\t\t\t\t<div id=\"map_ol3js_1\" class=\"map undefined\" data-map_name=\"undefined\" data-map=\"map_ol3js_1\" style=\"width:95%; max-width:100%; height:450px; display:block; overflow:hidden;border:2px solid grey;\" >\n\t\t\t\t  <div id=\"map_ol3js_1_popup\" class=\"ol-popup\" >\n\t\t\t\t\t<a href=\"#\" id=\"map_ol3js_1_popup-closer\" class=\"ol-popup-closer\"><\/a>\n\t\t\t\t\t<div id=\"map_ol3js_1_popup-content\" ><\/div>\n\t\t\t\t  <\/div>\n\t\t\t\t<\/div>\n\t\t\t\n\n\t\t\t\t<script type=\"text\/javascript\">\n\t\t\t\t\ttranslations['openlayer'] = \"open layer\";\n\t\t\t\t\ttranslations['openlayerAtStartup'] = \"open layer at startup\";\n\t\t\t\t\ttranslations['generateLink'] = \"Der Link zur Karte mit ausgew\u00e4hlten Overlays und angezeigtem Ausschnitt\";\n\t\t\t\t\ttranslations['shortDescription'] = \"Kurzbeschreibung\";\n\t\t\t\t\ttranslations['generatedShortCode'] = \"to get a text control link paste this code in your wordpress editor\";\n\t\t\t\t\ttranslations['closeLayer'] = \"close layer\";\n\t\t\t\t\ttranslations['cantGenerateLink'] = \"put this string in the existing map short code to control this map\";\n\t\t\t  <\/script>\n\n\n\t\t\t  <script type=\"text\/javascript\">\n\t\t\t  vectorM['map_ol3js_1'] = [];\n\t        \n        var raster = getTileLayer(\"osm\",\"NoKey\");\t\t\t\n\n\t\t\t  var map_ol3js_1 = new ol.Map({\n\t\t\t\tinteractions: ol.interaction.defaults.defaults({mouseWheelZoom:false}),\n\t\t\t\tlayers: [raster],\n\t\t\t\ttarget: \"map_ol3js_1\",\n\t\t\t\tview: new ol.View({\n\t\t\t\t  center: ol.proj.transform([10.4941,52.2835], \"EPSG:4326\", \"EPSG:3857\"),\n\t\t\t\t  zoom: 15.0\n\t\t\t\t})\n\t\t\t  });\n\t\t\t  osm_addMarkerLayer(map_ol3js_1,10.4960,52.2838,\"https:\/\/movebs.de\/wp-content\/plugins\/osm\/icons\/mic_black_limit_10.png\",-16,-41,\"<p><\/p>\") ; \naddControls2Map(map_ol3js_1,0,0,3,1,5,6,7,0,1);\nosm_addPopupClickhandler(map_ol3js_1,  \"map_ol3js_1\"); \nosm_addMouseHover(map_ol3js_1); <\/script>\n\n\n\n<p><\/p>\n","protected":false},"excerpt":{"rendered":"<p>VCD Braunschweig und MoVeBs appellieren an die Politik in Bund, Land und Region, die Notwendigkeit des \u00dcberfliegers im \u00d6lper Knoten, anhand neuer Daten und unter Ber\u00fccksichtigung von Verkehrs- und Klimazielen neu zu bewerten. Die Autobahnverwaltung hat den Bau eines neuen &hellip; <a href=\"https:\/\/movebs.de\/?p=720\">Weiterlesen <span class=\"meta-nav\">&rarr;<\/span><\/a><\/p>\n","protected":false},"author":2,"featured_media":723,"comment_status":"closed","ping_status":"open","sticky":false,"template":"","format":"standard","meta":{"footnotes":""},"categories":[4,10],"tags":[34,28,36,37,38],"class_list":["post-720","post","type-post","status-publish","format-standard","has-post-thumbnail","hentry","category-aktuell","category-region","tag-a391","tag-a392","tag-autobahn","tag-braunschweig","tag-ueberflieger"],"post_mailing_queue_ids":[],"_links":{"self":[{"href":"https:\/\/movebs.de\/index.php?rest_route=\/wp\/v2\/posts\/720","targetHints":{"allow":["GET"]}}],"collection":[{"href":"https:\/\/movebs.de\/index.php?rest_route=\/wp\/v2\/posts"}],"about":[{"href":"https:\/\/movebs.de\/index.php?rest_route=\/wp\/v2\/types\/post"}],"author":[{"embeddable":true,"href":"https:\/\/movebs.de\/index.php?rest_route=\/wp\/v2\/users\/2"}],"replies":[{"embeddable":true,"href":"https:\/\/movebs.de\/index.php?rest_route=%2Fwp%2Fv2%2Fcomments&post=720"}],"version-history":[{"count":3,"href":"https:\/\/movebs.de\/index.php?rest_route=\/wp\/v2\/posts\/720\/revisions"}],"predecessor-version":[{"id":728,"href":"https:\/\/movebs.de\/index.php?rest_route=\/wp\/v2\/posts\/720\/revisions\/728"}],"wp:featuredmedia":[{"embeddable":true,"href":"https:\/\/movebs.de\/index.php?rest_route=\/wp\/v2\/media\/723"}],"wp:attachment":[{"href":"https:\/\/movebs.de\/index.php?rest_route=%2Fwp%2Fv2%2Fmedia&parent=720"}],"wp:term":[{"taxonomy":"category","embeddable":true,"href":"https:\/\/movebs.de\/index.php?rest_route=%2Fwp%2Fv2%2Fcategories&post=720"},{"taxonomy":"post_tag","embeddable":true,"href":"https:\/\/movebs.de\/index.php?rest_route=%2Fwp%2Fv2%2Ftags&post=720"}],"curies":[{"name":"wp","href":"https:\/\/api.w.org\/{rel}","templated":true}]}}