{"id":700,"date":"2023-04-14T23:06:23","date_gmt":"2023-04-14T21:06:23","guid":{"rendered":"http:\/\/movebs.de\/?p=700"},"modified":"2023-04-14T23:08:42","modified_gmt":"2023-04-14T21:08:42","slug":"movebs-gratuliert-dem-regionalverband-grossraum-braunschweig","status":"publish","type":"post","link":"https:\/\/movebs.de\/?p=700","title":{"rendered":"MoVeBs gratuliert dem Regionalverband Gro\u00dfraum Braunschweig!"},"content":{"rendered":"\n<p>PRO BAHN hat unseren regionalen Aufgabentr\u00e4ger f\u00fcr den \u00d6PNV unl\u00e4ngst mit einem Landespreis ausgezeichnet. Das Engagement des RGB f\u00fcr Busse und Bahnen hat zu einem besseren Angebot als in anderen Landesregionen gef\u00fchrt, so der Fahrgastverband. Auch f\u00fcr die Zukunft sieht man die Region mit dem Konzept SPNV 2030+ gut aufgestellt. MoVeBs (bekannt auch f\u00fcr seinen kritischen Blick) schlie\u00dft sich dieser Einsch\u00e4tzung an und gratuliert ganz herzlich!<br>Die jahrelange Vorarbeit tr\u00e4gt Fr\u00fcchte, die Regionalbahnen fahren \u00fcberall in der Region im Stundentakt, Bahnhaltepunke sind gr\u00f6\u00dftenteils modernisiert worden. Der Standard setzt sich im Regionalbusnetz fort, zudem gibt es erste Pilotprojekte f\u00fcr die Einf\u00fchrung von On-Demand-Angeboten mit kleinen Bussen, bekannt unter der Bezeichnung Flexo. Der RGB ruht sich auf den Lorbeeren nicht aus, sondern legt noch eine Schippe drauf: Das Konzept SPNV 2030+ ist politisch beschlossen worden und sieht weitere Verbesserungen vor. Es beinhaltet u.a. weitere Haltepunkte, Taktverdichtungen auf 30 Minuten und den Ausstieg aus fossielen Antriebstechniken. MoVeBs h\u00e4lt dies f\u00fcr notwendig, um mit der angestrebten Fahrgastverdoppelung der Deutschen Bahn Schritt halten zu k\u00f6nnen. Hervorzuheben ist, dass eine Verwaltung nicht allein agieren kann. Es kommt vielmehr auf das Wechselspiel mit den politischen Gremien an: Vorlagen sind zu erstellen und Beschl\u00fcsse sind umzusetzen. Hierbei ist dem RGB mit seinen engagierten und kompetenten Mitarbeitern eine gute Zusammenarbeit zu attestieren!<\/p>\n\n\n\n<figure class=\"wp-block-image size-large\"><a href=\"https:\/\/movebs.de\/wp-content\/uploads\/2023\/04\/Bild_Gratulation_RGB-scaled.jpg\"><img loading=\"lazy\" decoding=\"async\" width=\"768\" height=\"1024\" src=\"https:\/\/movebs.de\/wp-content\/uploads\/2023\/04\/Bild_Gratulation_RGB-768x1024.jpg\" alt=\"\" class=\"wp-image-701\" srcset=\"https:\/\/movebs.de\/wp-content\/uploads\/2023\/04\/Bild_Gratulation_RGB-768x1024.jpg 768w, https:\/\/movebs.de\/wp-content\/uploads\/2023\/04\/Bild_Gratulation_RGB-225x300.jpg 225w, https:\/\/movebs.de\/wp-content\/uploads\/2023\/04\/Bild_Gratulation_RGB-1152x1536.jpg 1152w, https:\/\/movebs.de\/wp-content\/uploads\/2023\/04\/Bild_Gratulation_RGB-1536x2048.jpg 1536w, https:\/\/movebs.de\/wp-content\/uploads\/2023\/04\/Bild_Gratulation_RGB-scaled.jpg 1920w\" sizes=\"auto, (max-width: 768px) 100vw, 768px\" \/><\/a><figcaption>Der Ausbau der Weddeler Schleife erm\u00f6glicht zuk\u00fcnftig deutlich mehr Verbindungen zwischen Braunschweig und Wolfsburg (Bild: Team MoVeBs (April 2023))<\/figcaption><\/figure>\n","protected":false},"excerpt":{"rendered":"<p>PRO BAHN hat unseren regionalen Aufgabentr\u00e4ger f\u00fcr den \u00d6PNV unl\u00e4ngst mit einem Landespreis ausgezeichnet. Das Engagement des RGB f\u00fcr Busse und Bahnen hat zu einem besseren Angebot als in anderen Landesregionen gef\u00fchrt, so der Fahrgastverband. Auch f\u00fcr die Zukunft sieht &hellip; <a href=\"https:\/\/movebs.de\/?p=700\">Weiterlesen <span class=\"meta-nav\">&rarr;<\/span><\/a><\/p>\n","protected":false},"author":2,"featured_media":0,"comment_status":"closed","ping_status":"open","sticky":false,"template":"","format":"standard","meta":{"footnotes":""},"categories":[4,10],"tags":[],"class_list":["post-700","post","type-post","status-publish","format-standard","hentry","category-aktuell","category-region"],"post_mailing_queue_ids":[],"_links":{"self":[{"href":"https:\/\/movebs.de\/index.php?rest_route=\/wp\/v2\/posts\/700","targetHints":{"allow":["GET"]}}],"collection":[{"href":"https:\/\/movebs.de\/index.php?rest_route=\/wp\/v2\/posts"}],"about":[{"href":"https:\/\/movebs.de\/index.php?rest_route=\/wp\/v2\/types\/post"}],"author":[{"embeddable":true,"href":"https:\/\/movebs.de\/index.php?rest_route=\/wp\/v2\/users\/2"}],"replies":[{"embeddable":true,"href":"https:\/\/movebs.de\/index.php?rest_route=%2Fwp%2Fv2%2Fcomments&post=700"}],"version-history":[{"count":2,"href":"https:\/\/movebs.de\/index.php?rest_route=\/wp\/v2\/posts\/700\/revisions"}],"predecessor-version":[{"id":703,"href":"https:\/\/movebs.de\/index.php?rest_route=\/wp\/v2\/posts\/700\/revisions\/703"}],"wp:attachment":[{"href":"https:\/\/movebs.de\/index.php?rest_route=%2Fwp%2Fv2%2Fmedia&parent=700"}],"wp:term":[{"taxonomy":"category","embeddable":true,"href":"https:\/\/movebs.de\/index.php?rest_route=%2Fwp%2Fv2%2Fcategories&post=700"},{"taxonomy":"post_tag","embeddable":true,"href":"https:\/\/movebs.de\/index.php?rest_route=%2Fwp%2Fv2%2Ftags&post=700"}],"curies":[{"name":"wp","href":"https:\/\/api.w.org\/{rel}","templated":true}]}}