{"id":697,"date":"2023-03-02T10:37:55","date_gmt":"2023-03-02T09:37:55","guid":{"rendered":"http:\/\/movebs.de\/?p=697"},"modified":"2023-03-02T10:37:59","modified_gmt":"2023-03-02T09:37:59","slug":"zweifelhafter-doppelstreik","status":"publish","type":"post","link":"https:\/\/movebs.de\/?p=697","title":{"rendered":"Zweifelhafter Doppelstreik"},"content":{"rendered":"\n<p>Es ist mal wieder so weit, es stehen Tarifverhandlungen der Gewerkschaft Ver.di im \u00f6ffentlichen Personennahverkehr an. F\u00fcr die Nutzer von Bus und Bahn bedeutet das nichts Gutes, die Streiks haben begonnen!<br>Ver.di hat bereits im Vorfeld Allianzen mit Umwelt- und Mobilit\u00e4tsverb\u00e4nden geschmiedet, auch MoVeBs war bei einer Sitzung. Eine aktive Unterst\u00fctzung der Streiks sehen wir, wie auch bei der vergangenen Tarifrunde, kritisch. Wir sind der Meinung, dass der \u00d6PNV zur kritischen Infrastruktur geh\u00f6rt und nicht lahmgelegt werden darf. Das vertraten wir zu Zeiten der Pandemie und wir tun es auch jetzt, wo die Verkehrswende zunehmend zu entgleisen droht.<br>Neu in diesem Jahr ist, dass der zweite Warnstreik im \u00d6PNV am 3. M\u00e4rz \u00fcberregional in Kombination mit dem Klimastreik von Fridays For Future erfolgt. FFF sieht kein Problem darin, sich mit einer anderen streikenden Organisation zu solidarisieren, das ist gut nachvollziehbar. MoVeBs h\u00e4lt jedoch den kombinierten Streik f\u00fcr ungl\u00fccklich, denn es kann nicht im Sinne des Klimaschutzes sein, den \u00d6PNV am Streiktag auf Null zu drehen.<br>MoVeBs h\u00e4lt die herk\u00f6mmliche Methode des Streiks im \u00d6PNV f\u00fcr ein \u00fcberholtes Ritual, weil es die Falschen trifft (die Nutzer von Bus und Bahn, die zur Arbeit oder zum Arzt m\u00fcssen) und die Richtigen schont.<br>Denn die Verkehrsunternehmen sparen am Streiktag, da sie keine Geh\u00e4lter zahlen m\u00fcssen und kein Treibstoff verbraucht wird. Dabei k\u00f6nnte es auch kreativer gehen: Es w\u00fcrde zum Beispiel die Unternehmen viel empfindlicher treffen, wenn das volle \u00d6PNV-Angebot aufrecht erhalten wird, das Fahrpersonal jedoch beim Kassieren streikt und somit ein kostenloser \u00d6PNV entst\u00fcnde. Ein, wenn auch nur kurzzeitiges, kostenloses \u00d6PNV-Angebot ist sehr im Sinne einer klimafreundlichen Verkehrswende.<br>Ein erster Schritt zu neuen Streikformen w\u00e4re die Aufrechterhaltung eines Mindestangebotes bei Bussen und Bahnen.<br>MoVeBs ist sehr besorgt \u00fcber die schleppende Umsetzung der Verkehrswende, die zu einem gewissen Anteil auch durch die schwierige Personalsituation verursacht ist. Hier setzen wir ausdr\u00fccklich auf eine kontinuierliche Zusammenarbeit mit den Gewerkschaften, um \u00d6PNV-Berufsbilder bekannter zu machen und mehr gesellschaftliche Wertsch\u00e4tzung der geleisteten Arbeit im Sinne des Klimaschutzes zu erreichen. Wichtig ist auch, dass nicht nur die privilegierten \u00f6ffentlichen Arbeitnehmer profitieren, sondern auch jene von Privatunternehmen, die oft unter prek\u00e4ren Bedingungen bei Subunternehmen schuften.<\/p>\n","protected":false},"excerpt":{"rendered":"<p>Es ist mal wieder so weit, es stehen Tarifverhandlungen der Gewerkschaft Ver.di im \u00f6ffentlichen Personennahverkehr an. F\u00fcr die Nutzer von Bus und Bahn bedeutet das nichts Gutes, die Streiks haben begonnen!Ver.di hat bereits im Vorfeld Allianzen mit Umwelt- und Mobilit\u00e4tsverb\u00e4nden &hellip; <a href=\"https:\/\/movebs.de\/?p=697\">Weiterlesen <span class=\"meta-nav\">&rarr;<\/span><\/a><\/p>\n","protected":false},"author":2,"featured_media":0,"comment_status":"closed","ping_status":"open","sticky":false,"template":"","format":"standard","meta":{"footnotes":""},"categories":[4],"tags":[],"class_list":["post-697","post","type-post","status-publish","format-standard","hentry","category-aktuell"],"post_mailing_queue_ids":[],"_links":{"self":[{"href":"https:\/\/movebs.de\/index.php?rest_route=\/wp\/v2\/posts\/697","targetHints":{"allow":["GET"]}}],"collection":[{"href":"https:\/\/movebs.de\/index.php?rest_route=\/wp\/v2\/posts"}],"about":[{"href":"https:\/\/movebs.de\/index.php?rest_route=\/wp\/v2\/types\/post"}],"author":[{"embeddable":true,"href":"https:\/\/movebs.de\/index.php?rest_route=\/wp\/v2\/users\/2"}],"replies":[{"embeddable":true,"href":"https:\/\/movebs.de\/index.php?rest_route=%2Fwp%2Fv2%2Fcomments&post=697"}],"version-history":[{"count":1,"href":"https:\/\/movebs.de\/index.php?rest_route=\/wp\/v2\/posts\/697\/revisions"}],"predecessor-version":[{"id":698,"href":"https:\/\/movebs.de\/index.php?rest_route=\/wp\/v2\/posts\/697\/revisions\/698"}],"wp:attachment":[{"href":"https:\/\/movebs.de\/index.php?rest_route=%2Fwp%2Fv2%2Fmedia&parent=697"}],"wp:term":[{"taxonomy":"category","embeddable":true,"href":"https:\/\/movebs.de\/index.php?rest_route=%2Fwp%2Fv2%2Fcategories&post=697"},{"taxonomy":"post_tag","embeddable":true,"href":"https:\/\/movebs.de\/index.php?rest_route=%2Fwp%2Fv2%2Ftags&post=697"}],"curies":[{"name":"wp","href":"https:\/\/api.w.org\/{rel}","templated":true}]}}