{"id":676,"date":"2022-10-24T20:22:10","date_gmt":"2022-10-24T18:22:10","guid":{"rendered":"http:\/\/movebs.de\/?p=676"},"modified":"2022-10-24T20:22:11","modified_gmt":"2022-10-24T18:22:11","slug":"bue-gruenewaldstrasse-verkehrswende-und-sicherheitsaspekte-beachten","status":"publish","type":"post","link":"https:\/\/movebs.de\/?p=676","title":{"rendered":"B\u00dc Gr\u00fcnewaldstra\u00dfe: Verkehrswende und Sicherheitsaspekte beachten!"},"content":{"rendered":"\n<p>Schon vor einigen Monaten hat sich MoVeBs zusammen mit weiteren Umwelt- und Verkehrsverb\u00e4nden positiv zu den baulichen M\u00f6glichkeiten einer Fu\u00df- und Radwegunterf\u00fchrung ge\u00e4u\u00dfert (siehe Beitrag vom 1.4.22). An dieser Stelle m\u00f6chten wir zwei wesentliche Aspekte f\u00fcr eine sachliche Diskussion nachliefern, die wir in unse<\/p>\n\n\n\n<p><\/p>\n\n\n\n<p>rer ersten Darstellung f\u00fcr Konsens hielten.<\/p>\n\n\n\n<p>In der aktuellen Diskussion um die Umgestaltung des Bahn\u00fcbergangs (B\u00dcs) an der Gr\u00fcnewaldstra\u00dfe wird aus dem Bereich von B\u00fcrgerinitiativen die Forderung nach einer Nulll\u00f6sung laut: Es soll bei einer technischen Sicherung mit (modernisierten) Schranken bleiben. Diese Forderung k\u00f6nnen wir sehr gut nachvollziehen, hat es doch so seit Jahrzehnten funktioniert. Warum sollen also alte B\u00e4ume gef\u00e4llt, L\u00f6cher gegraben, Beton verbaut und gleichzeitig der Fu\u00df- und Radverkehr eingeschr\u00e4nkt werden?<\/p>\n\n\n\n<div class=\"wp-block-image\"><figure class=\"aligncenter size-large\"><a href=\"https:\/\/movebs.de\/wp-content\/uploads\/2022\/10\/BUe_Gruenewaldstrasse-1.jpg\"><img loading=\"lazy\" decoding=\"async\" width=\"300\" height=\"400\" src=\"https:\/\/movebs.de\/wp-content\/uploads\/2022\/10\/BUe_Gruenewaldstrasse-1.jpg\" alt=\"\" class=\"wp-image-678\" srcset=\"https:\/\/movebs.de\/wp-content\/uploads\/2022\/10\/BUe_Gruenewaldstrasse-1.jpg 300w, https:\/\/movebs.de\/wp-content\/uploads\/2022\/10\/BUe_Gruenewaldstrasse-1-225x300.jpg 225w\" sizes=\"auto, (max-width: 300px) 100vw, 300px\" \/><\/a><figcaption>Der Bahn\u00fcbergang im aktuellen Zustand<\/figcaption><\/figure><\/div>\n\n\n\n<p>Die Antwort lautet: &#8222;Weil die Klimakatastrophe eine Verkehrswende erforderlich macht, die l\u00e4ngst ihren Erfordernissen nachhinkt! Wir m\u00fcssen endlich die Forderung \u201eact now!\u201c in die Praxis umsetzen!\u201c<\/p>\n\n\n\n<p>Nach Kenntnis von MoVeBs wird sich die Anzahl der Zugdurchfahrten erheblich steigern: Fakt ist schon jetzt, dass sich bei den Personenz\u00fcgen der RB47 die Anzahl verdoppeln wird. Auf einem dritten Gleis, das im Bahnhof Gliesmarode bereits baulich vorgesehen ist, k\u00f6nnen weitere Z\u00fcge aus dem Vorharz direkt bis Gliesmarode gef\u00fchrt werden, um einen attraktiveren Verkehr in den Osten Braunschweigs zu bieten. Weiter hinzu kommt hoffentlich die Wiederaufnahme des Personenverkehrs nach Wendeburg \/ Harvesse.<\/p>\n\n\n\n<p>Im Sinne der Verkehrswende ist zudem zu erwarten, dass der vielf\u00e4ltige G\u00fcterverkehr auf der Bahn in Richtung Hafen und VW deutlich steigen wird, zumal letzterer hier seine Logistik erheblich erweitert.<\/p>\n\n\n\n<p>Die Steigerungen im Bahnverkehr werden unabh\u00e4ngig von Nulll\u00f6sung oder Br\u00fccke kommen, weil sie zwingend notwendig und \u00fcberf\u00e4llig sind.<\/p>\n\n\n\n<p>Der urspr\u00fcngliche Ansto\u00df, \u00fcber Ver\u00e4nderungen des Bahn\u00fcbergangs nachzudenken, kam von der DB Netz AG, die ihre Stellwerkstechnik in diesem Bereich erneuern m\u00f6chte. Nach Einsch\u00e4tzung unserer Fachleute wird sich jedoch die Schlie\u00dfdauer je Zug auch mit moderner Technik kaum verringern. Insgesamt ist durch den k\u00fcnftig st\u00e4rkeren Bahnverkehr zu erwarten, dass die Schranken mehr geschlossen als ge\u00f6ffnet sind. Nicht zu vergessen: Schranken sind wartungsintensiv, k\u00f6nnen kaputtgehen und somit St\u00f6rungen im Bahnbetrieb und am Bahn\u00fcbergang ausl\u00f6sen (Stichwort: Versp\u00e4tung durch Bahn\u00fcbergangsst\u00f6rung).<\/p>\n\n\n\n<p>Die Entscheidung f\u00fcr eine Nulll\u00f6sung (ebenerdiger B\u00dc) w\u00fcrde diese Situation f\u00fcr viele Jahrzehnte zementieren. Sehen es k\u00fcnftige Generationen auch so, dass wir Bahnbetrieb sowie Rad- und Fu\u00dfverkehr dauerhaft unn\u00f6tig einschr\u00e4nken, weil wir uns jetzt vor einer st\u00e4dtebaulich schwierigen Aufgabe dr\u00fccken wollen?<\/p>\n\n\n\n<p>Bleibt es bei der Schrankensicherung, entstehen unweigerlich Nachteile f\u00fcr den Bahn-, Fu\u00df- und Fahrradverkehr, es entsteht ein Konfliktfeld, gegen das sich MoVeBs entschieden wendet.<\/p>\n\n\n\n<p>Die bedeutsame Fu\u00df- und Radverkehrsachse l\u00e4ngs der Gr\u00fcnewaldstra\u00dfe nach Gliesmarode abseits stark befahrener Stra\u00dfen soll frei von Hindernissen sein, um ihre Attraktivit\u00e4t im Sinne der Verkehrswende m\u00f6glichst zu steigern! MoVeBs tritt daf\u00fcr an, den Umweltverbund aus Fu\u00df-, Rad-, Bus- und Bahnverkehr in sich konfliktfrei zu f\u00f6rdern.<\/p>\n\n\n\n<p>Wir bef\u00fcrchten ferner, dass bei fortw\u00e4hrender, zunehmend emotional gef\u00fchrter Diskussion auch die \u201eMinusvariante\u201c ins Spiel kommen kann, also die Frage, ob der B\u00dc an sich ben\u00f6tigt wird oder nicht. Sollte entschieden werden, dass der B\u00dc nicht gebraucht wird, m\u00fcssten allerdings die Alternativrouten fahrradgerecht ausgebaut werden. Die aktuelle Infrastruktur an der Berliner Stra\u00dfe ist f\u00fcr Radfahrer untragbar (teilweise Zweirichtungsradweg 1,60 m breit oder Einrichtungsradweg von 60-80 cm Breite), an der Ebertallee sieht es nicht viel besser aus.<\/p>\n\n\n\n<p>Ein weiterer Aspekt fehlt bislang in der Debatte: Es geht um die Sicherheit von Leib und Leben. Insbesondere die schweren, leider mehrfach auch t\u00f6dlichen Unf\u00e4lle am nur wenige Kilometer entfernten Bahn\u00fcbergang in Kralenriede haben uns gezeigt, wie gef\u00e4hrlich ein ebenerdiger B\u00dc werden kann. Ja, auf der gesamten Strecke der RB47 kommt es immer wieder zu entsprechenden Unf\u00e4llen an Bahn\u00fcberg\u00e4ngen (siehe Kasten). Gerade in Gliesmarode erh\u00f6ht sich durch die zuk\u00fcnftig hohe Zahl an Z\u00fcgen diese Gefahr, zumal das h\u00e4ufige Schlie\u00dfen der Schranken die Geduld der Wartenden aufzehrt und die Hemmschwelle zum illegalen Queren neben den geschlossenen Schranken oder abseits \u00fcber Trampelpfade deutlich verringert.<\/p>\n\n\n\n<figure class=\"wp-block-table\"><table><tbody><tr><td>Mai 2014<\/td><td>Meine<\/td><td>Pkw gegen Zug<\/td><\/tr><tr><td>Juli 2015<\/td><td>Bienrode<\/td><td>Pkw wird von Regionalzug erfasst, Person verletzt<\/td><\/tr><tr><td>Oktober 2017<\/td><td>Meine<\/td><td>Frau umf\u00e4hrt Schranke, Pkw rammt Regionalbahn<\/td><\/tr><tr><td>Juni 2019<\/td><td>Querum<\/td><td>Person gegen Zug, 20-J\u00e4hriger in Lebensgefahr<\/td><\/tr><tr><td>September 2019<\/td><td>Isenb\u00fcttel<\/td><td>T\u00f6dlicher Unfall mit Pkw am Bahn\u00fcbergang Triftweg<\/td><\/tr><tr><td>Oktober 2021<\/td><td>Bechtsb\u00fcttel<\/td><td>Mann und Hund bei Unfall mit Regionalbahn get\u00f6tet<\/td><\/tr><tr><td>August 2022<\/td><td>Bienrode<\/td><td>Pkw an Bahn\u00fcbergang gegen Zug, ein Schwerverletzter<\/td><\/tr><\/tbody><\/table><figcaption>Schwere Unf\u00e4lle mit der Regionalbahn RB47<\/figcaption><\/figure>\n\n\n\n<p>Aus Sicht von MoVeBs \u00fcberwiegen die Vorteile eines langlebigen Br\u00fcckenbauwerks mit heller Unterf\u00fchrung des Rad- und Fu\u00dfwegs, das zudem die M\u00f6glichkeit er\u00f6ffnet, einen Zugang zum Bahnsteig aus Richtung S\u00fcden zu schaffen. So kann eine langfristig leistungsf\u00e4hige, sichere und konfliktfreie L\u00f6sung f\u00fcr Bahn-, Fu\u00df- und Radverkehr entstehen.<\/p>\n\n\n\n<p>MoVeBs hat sich zur Aufgabe gemacht, im schwierigen Spannungsfeld zwischen dem Umweltverbund aus Fu\u00df-, Rad-, Bus- und Bahnverkehr, dem Individualverkehr und auch den Belangen des Naturschutzes zu vermitteln.<\/p>\n\n\n\n<p>Wir treten f\u00fcr \u00f6kologisch vertr\u00e4gliche Bauma\u00dfnahmen im Sinne der dringend n\u00f6tigen Verkehrswende ein, die mit wirksamen Ma\u00dfnahmen ausgeglichen werden m\u00fcssen. Wie alle Ausgleichs- und Ersatzma\u00dfnahmen sollen diese eine hohe Effizienz haben und m\u00f6glichst nah, wie gesetzlich vorgesehen, am Ort des Eingriffs erfolgen. Es ist zu beachten, dass Bauma\u00dfnahmen f\u00fcr den \u00d6PNV und G\u00fcterschienenverkehr dar\u00fcber hinaus zus\u00e4tzlich Umwelt entlastend wirken, da sie an anderen Stellen Verkehr reduzieren, Ruhe bringen und Emissionen vermeiden.<\/p>\n","protected":false},"excerpt":{"rendered":"<p>Schon vor einigen Monaten hat sich MoVeBs zusammen mit weiteren Umwelt- und Verkehrsverb\u00e4nden positiv zu den baulichen M\u00f6glichkeiten einer Fu\u00df- und Radwegunterf\u00fchrung ge\u00e4u\u00dfert (siehe Beitrag vom 1.4.22). An dieser Stelle m\u00f6chten wir zwei wesentliche Aspekte f\u00fcr eine sachliche Diskussion nachliefern, &hellip; <a href=\"https:\/\/movebs.de\/?p=676\">Weiterlesen <span class=\"meta-nav\">&rarr;<\/span><\/a><\/p>\n","protected":false},"author":2,"featured_media":0,"comment_status":"closed","ping_status":"open","sticky":false,"template":"","format":"standard","meta":{"footnotes":""},"categories":[4],"tags":[],"class_list":["post-676","post","type-post","status-publish","format-standard","hentry","category-aktuell"],"post_mailing_queue_ids":[],"_links":{"self":[{"href":"https:\/\/movebs.de\/index.php?rest_route=\/wp\/v2\/posts\/676","targetHints":{"allow":["GET"]}}],"collection":[{"href":"https:\/\/movebs.de\/index.php?rest_route=\/wp\/v2\/posts"}],"about":[{"href":"https:\/\/movebs.de\/index.php?rest_route=\/wp\/v2\/types\/post"}],"author":[{"embeddable":true,"href":"https:\/\/movebs.de\/index.php?rest_route=\/wp\/v2\/users\/2"}],"replies":[{"embeddable":true,"href":"https:\/\/movebs.de\/index.php?rest_route=%2Fwp%2Fv2%2Fcomments&post=676"}],"version-history":[{"count":2,"href":"https:\/\/movebs.de\/index.php?rest_route=\/wp\/v2\/posts\/676\/revisions"}],"predecessor-version":[{"id":680,"href":"https:\/\/movebs.de\/index.php?rest_route=\/wp\/v2\/posts\/676\/revisions\/680"}],"wp:attachment":[{"href":"https:\/\/movebs.de\/index.php?rest_route=%2Fwp%2Fv2%2Fmedia&parent=676"}],"wp:term":[{"taxonomy":"category","embeddable":true,"href":"https:\/\/movebs.de\/index.php?rest_route=%2Fwp%2Fv2%2Fcategories&post=676"},{"taxonomy":"post_tag","embeddable":true,"href":"https:\/\/movebs.de\/index.php?rest_route=%2Fwp%2Fv2%2Ftags&post=676"}],"curies":[{"name":"wp","href":"https:\/\/api.w.org\/{rel}","templated":true}]}}