{"id":642,"date":"2022-04-01T12:28:05","date_gmt":"2022-04-01T10:28:05","guid":{"rendered":"http:\/\/movebs.de\/?p=642"},"modified":"2022-05-04T21:34:15","modified_gmt":"2022-05-04T19:34:15","slug":"stellungnahme-der-verbaende-planung-einer-fuss-und-radwegunterfuehrung-als-ersatz-fuer-den-bahnuebergang-gruenewaldstrasse-vom-17-1-2022","status":"publish","type":"post","link":"https:\/\/movebs.de\/?p=642","title":{"rendered":"Stellungnahme der Verb\u00e4nde Planung einer Fu\u00df- und Radwegunterf\u00fchrung als Ersatz f\u00fcr den Bahn\u00fcbergang Gr\u00fcnewaldstra\u00dfe vom 17.1.2022"},"content":{"rendered":"\n<p>Zur Planung einer Unterf\u00fchrung s\u00fcdlich des Bahnhofs Gliesmarode entlang der Gr\u00fcnewaldstra\u00dfe, haben wir mit den anderen Mobilit\u00e4tsverb\u00e4nden eine Stellungnahme erarbeitet und den politischen Mandatstr\u00e4gern und der Verwaltung als Hilfe bei der Entscheidungsfindung zur Verf\u00fcgung gestellt. Wir ver\u00f6ffentlichen hier die Stellungnahme f\u00fcr die Allgemeinheit.<\/p>\n\n\n\n<div class=\"wp-block-file\"><a href=\"https:\/\/movebs.de\/wp-content\/uploads\/2022\/04\/Stellungnahme_Gruenewaldstrasse_2022-02-13-final.pdf\">Stellungnahme_Gruenewaldstrasse_2022-02-13-final<\/a><a href=\"https:\/\/movebs.de\/wp-content\/uploads\/2022\/04\/Stellungnahme_Gruenewaldstrasse_2022-02-13-final.pdf\" class=\"wp-block-file__button\" download>Herunterladen<\/a><\/div>\n\n\n\n<div class=\"wp-block-file\"><a href=\"https:\/\/movebs.de\/wp-content\/uploads\/2022\/04\/Anschreiben_Stellungnahme_Bahnuebergang12022022.pdf\">Anschreiben_Stellungnahme_Bahnuebergang12022022<\/a><a href=\"https:\/\/movebs.de\/wp-content\/uploads\/2022\/04\/Anschreiben_Stellungnahme_Bahnuebergang12022022.pdf\" class=\"wp-block-file__button\" download>Herunterladen<\/a><\/div>\n\n\n\n<p><\/p>\n","protected":false},"excerpt":{"rendered":"<p>Zur Planung einer Unterf\u00fchrung s\u00fcdlich des Bahnhofs Gliesmarode entlang der Gr\u00fcnewaldstra\u00dfe, haben wir mit den anderen Mobilit\u00e4tsverb\u00e4nden eine Stellungnahme erarbeitet und den politischen Mandatstr\u00e4gern und der Verwaltung als Hilfe bei der Entscheidungsfindung zur Verf\u00fcgung gestellt. Wir ver\u00f6ffentlichen hier die Stellungnahme &hellip; <a href=\"https:\/\/movebs.de\/?p=642\">Weiterlesen <span class=\"meta-nav\">&rarr;<\/span><\/a><\/p>\n","protected":false},"author":3,"featured_media":0,"comment_status":"closed","ping_status":"open","sticky":false,"template":"","format":"standard","meta":{"footnotes":""},"categories":[4],"tags":[],"class_list":["post-642","post","type-post","status-publish","format-standard","hentry","category-aktuell"],"post_mailing_queue_ids":[],"_links":{"self":[{"href":"https:\/\/movebs.de\/index.php?rest_route=\/wp\/v2\/posts\/642","targetHints":{"allow":["GET"]}}],"collection":[{"href":"https:\/\/movebs.de\/index.php?rest_route=\/wp\/v2\/posts"}],"about":[{"href":"https:\/\/movebs.de\/index.php?rest_route=\/wp\/v2\/types\/post"}],"author":[{"embeddable":true,"href":"https:\/\/movebs.de\/index.php?rest_route=\/wp\/v2\/users\/3"}],"replies":[{"embeddable":true,"href":"https:\/\/movebs.de\/index.php?rest_route=%2Fwp%2Fv2%2Fcomments&post=642"}],"version-history":[{"count":2,"href":"https:\/\/movebs.de\/index.php?rest_route=\/wp\/v2\/posts\/642\/revisions"}],"predecessor-version":[{"id":664,"href":"https:\/\/movebs.de\/index.php?rest_route=\/wp\/v2\/posts\/642\/revisions\/664"}],"wp:attachment":[{"href":"https:\/\/movebs.de\/index.php?rest_route=%2Fwp%2Fv2%2Fmedia&parent=642"}],"wp:term":[{"taxonomy":"category","embeddable":true,"href":"https:\/\/movebs.de\/index.php?rest_route=%2Fwp%2Fv2%2Fcategories&post=642"},{"taxonomy":"post_tag","embeddable":true,"href":"https:\/\/movebs.de\/index.php?rest_route=%2Fwp%2Fv2%2Ftags&post=642"}],"curies":[{"name":"wp","href":"https:\/\/api.w.org\/{rel}","templated":true}]}}