{"id":629,"date":"2021-09-04T11:19:06","date_gmt":"2021-09-04T09:19:06","guid":{"rendered":"http:\/\/movebs.de\/?p=629"},"modified":"2021-09-04T11:19:41","modified_gmt":"2021-09-04T09:19:41","slug":"podiumsdiskussion-mit-den-obm-kandidatinnen-zum-thema-mobilitaetswende-und-klimaschutz-wie-schaffen-wir-das","status":"publish","type":"post","link":"https:\/\/movebs.de\/?p=629","title":{"rendered":"Podiumsdiskussion mit den OBM-Kandidat:innen zum Thema \u201eMobilit\u00e4tswende und Klimaschutz \u2013wie schaffen wir das?\u201c"},"content":{"rendered":"\n<p>Die als Open Air geplante&nbsp;Podiumsdiskussion musste wetterbedingt ausfallen. Hier nun die aktualisierte Einladung:<\/p>\n\n\n\n<p>Der nachhaltige und \u00f6kologische Verkehrsclub VCD Braunschweig e.V. l\u00e4dt am Mittwoch, den 08.September&nbsp;um 19.00 Uhr zu einer \u00f6ffentlichen Diskussionsveranstaltung der drei Oberb\u00fcrgermeisterkandidaten Tatjana Schneider (parteilos, unterst\u00fctzt von B\u00fcndnis90\/DIE GR\u00dcNEN und&nbsp;Piraten), Thorsten Kornblum (SPD) und Kaspar Haller (parteilos unterst\u00fctzt von CDU \/FDP \/ VOLT) ein. Diskutiert wird in der Brunsviga, Karlstra\u00dfe 35 in Braunschweig&nbsp;zum Thema \u201eMobilit\u00e4tswende und Klimaschutz \u2013wie schaffen wir das?\u201c.<\/p>\n\n\n\n<p>Hinweis: Die Veranstaltung wird auch per Livestream geteilt:\u00a0<strong><a rel=\"noreferrer noopener\" href=\"https:\/\/youtu.be\/bq6Z7f7Qfxo\" target=\"_blank\">https:\/\/youtu.be\/bq6Z7f7Qfxo<\/a><\/strong><\/p>\n\n\n\n<figure class=\"wp-block-image size-large\"><a href=\"https:\/\/movebs.de\/wp-content\/uploads\/2021\/09\/OB-Diskussion-Neu.png\"><img loading=\"lazy\" decoding=\"async\" width=\"1024\" height=\"606\" src=\"https:\/\/movebs.de\/wp-content\/uploads\/2021\/09\/OB-Diskussion-Neu-1024x606.png\" alt=\"\" class=\"wp-image-631\" srcset=\"https:\/\/movebs.de\/wp-content\/uploads\/2021\/09\/OB-Diskussion-Neu-1024x606.png 1024w, https:\/\/movebs.de\/wp-content\/uploads\/2021\/09\/OB-Diskussion-Neu-300x178.png 300w, https:\/\/movebs.de\/wp-content\/uploads\/2021\/09\/OB-Diskussion-Neu-768x455.png 768w, https:\/\/movebs.de\/wp-content\/uploads\/2021\/09\/OB-Diskussion-Neu-1536x909.png 1536w, https:\/\/movebs.de\/wp-content\/uploads\/2021\/09\/OB-Diskussion-Neu-2048x1212.png 2048w, https:\/\/movebs.de\/wp-content\/uploads\/2021\/09\/OB-Diskussion-Neu-500x296.png 500w\" sizes=\"auto, (max-width: 1024px) 100vw, 1024px\" \/><\/a><\/figure>\n","protected":false},"excerpt":{"rendered":"<p>Die als Open Air geplante&nbsp;Podiumsdiskussion musste wetterbedingt ausfallen. Hier nun die aktualisierte Einladung: Der nachhaltige und \u00f6kologische Verkehrsclub VCD Braunschweig e.V. l\u00e4dt am Mittwoch, den 08.September&nbsp;um 19.00 Uhr zu einer \u00f6ffentlichen Diskussionsveranstaltung der drei Oberb\u00fcrgermeisterkandidaten Tatjana Schneider (parteilos, unterst\u00fctzt von &hellip; <a href=\"https:\/\/movebs.de\/?p=629\">Weiterlesen <span class=\"meta-nav\">&rarr;<\/span><\/a><\/p>\n","protected":false},"author":2,"featured_media":0,"comment_status":"closed","ping_status":"open","sticky":false,"template":"","format":"standard","meta":{"footnotes":""},"categories":[4],"tags":[],"class_list":["post-629","post","type-post","status-publish","format-standard","hentry","category-aktuell"],"post_mailing_queue_ids":[],"_links":{"self":[{"href":"https:\/\/movebs.de\/index.php?rest_route=\/wp\/v2\/posts\/629","targetHints":{"allow":["GET"]}}],"collection":[{"href":"https:\/\/movebs.de\/index.php?rest_route=\/wp\/v2\/posts"}],"about":[{"href":"https:\/\/movebs.de\/index.php?rest_route=\/wp\/v2\/types\/post"}],"author":[{"embeddable":true,"href":"https:\/\/movebs.de\/index.php?rest_route=\/wp\/v2\/users\/2"}],"replies":[{"embeddable":true,"href":"https:\/\/movebs.de\/index.php?rest_route=%2Fwp%2Fv2%2Fcomments&post=629"}],"version-history":[{"count":2,"href":"https:\/\/movebs.de\/index.php?rest_route=\/wp\/v2\/posts\/629\/revisions"}],"predecessor-version":[{"id":632,"href":"https:\/\/movebs.de\/index.php?rest_route=\/wp\/v2\/posts\/629\/revisions\/632"}],"wp:attachment":[{"href":"https:\/\/movebs.de\/index.php?rest_route=%2Fwp%2Fv2%2Fmedia&parent=629"}],"wp:term":[{"taxonomy":"category","embeddable":true,"href":"https:\/\/movebs.de\/index.php?rest_route=%2Fwp%2Fv2%2Fcategories&post=629"},{"taxonomy":"post_tag","embeddable":true,"href":"https:\/\/movebs.de\/index.php?rest_route=%2Fwp%2Fv2%2Ftags&post=629"}],"curies":[{"name":"wp","href":"https:\/\/api.w.org\/{rel}","templated":true}]}}