{"id":613,"date":"2021-08-13T15:34:44","date_gmt":"2021-08-13T13:34:44","guid":{"rendered":"http:\/\/movebs.de\/?p=613"},"modified":"2021-08-13T21:55:37","modified_gmt":"2021-08-13T19:55:37","slug":"einladung-zur-diskussionsveranstaltung-mobilitaetswende-und-klimaschutz-wie-schaffen-wir-das","status":"publish","type":"post","link":"https:\/\/movebs.de\/?p=613","title":{"rendered":"Einladung zur Diskussionsveranstaltung &#8222;Mobilit\u00e4tswende und Klimaschutz &#8211; wie schaffen wir das?&#8220;"},"content":{"rendered":"\n<p>Der nachhaltige und \u00f6kologische Verkehrsclub VCD Braunschweig e.V. l\u00e4dt am 16. August um 18:30 Uhr zu einer \u00f6ffentlichen Diskussionsveranstaltung der drei Oberb\u00fcrgermeisterkandidaten Tatjana<br>Schneider (parteilos, unterst\u00fctzt von B\u00fcndnis 90\/ DIE GR\u00dcNEN \/ PIRATEN), Thorsten Kornblum (SPD) und Kaspar Haller (parteilos unterst\u00fctzt von CDU \/ FDP \/ VOLT) ein. Diskutiert wird auf dem Theatervorplatz (Gro\u00dfes Haus) zum Thema &#8222;Mobilit\u00e4tswende und Klimaschutz &#8211; wie schaffen wir das?&#8220;.<\/p>\n\n\n\n<p>MoVeBs wird sich bei dieser Veranstaltung ebenfalls in die Diskussion mit einbringen. <\/p>\n\n\n\n<p>Weitere Infos beim <a href=\"https:\/\/niedersachsen.vcd.org\/der-vcd-in-niedersachsen\/braunschweig\/\" target=\"_blank\" rel=\"noreferrer noopener\">VCD Braunschweig<\/a>. <\/p>\n\n\n\n<p><img loading=\"lazy\" decoding=\"async\" width=\"600\" height=\"356\" class=\"wp-image-614\" style=\"width: 600px;\" src=\"http:\/\/movebs.de\/wp-content\/uploads\/2021\/08\/csm_2021-08-16-OBM-Podiumsdiskussion-Sharepic_b261e21d10.png\" alt=\"\" srcset=\"https:\/\/movebs.de\/wp-content\/uploads\/2021\/08\/csm_2021-08-16-OBM-Podiumsdiskussion-Sharepic_b261e21d10.png 1600w, https:\/\/movebs.de\/wp-content\/uploads\/2021\/08\/csm_2021-08-16-OBM-Podiumsdiskussion-Sharepic_b261e21d10-300x178.png 300w, https:\/\/movebs.de\/wp-content\/uploads\/2021\/08\/csm_2021-08-16-OBM-Podiumsdiskussion-Sharepic_b261e21d10-1024x607.png 1024w, https:\/\/movebs.de\/wp-content\/uploads\/2021\/08\/csm_2021-08-16-OBM-Podiumsdiskussion-Sharepic_b261e21d10-768x455.png 768w, https:\/\/movebs.de\/wp-content\/uploads\/2021\/08\/csm_2021-08-16-OBM-Podiumsdiskussion-Sharepic_b261e21d10-1536x910.png 1536w, https:\/\/movebs.de\/wp-content\/uploads\/2021\/08\/csm_2021-08-16-OBM-Podiumsdiskussion-Sharepic_b261e21d10-500x296.png 500w\" sizes=\"auto, (max-width: 600px) 100vw, 600px\" \/><\/p>\n","protected":false},"excerpt":{"rendered":"<p>Der nachhaltige und \u00f6kologische Verkehrsclub VCD Braunschweig e.V. l\u00e4dt am 16. August um 18:30 Uhr zu einer \u00f6ffentlichen Diskussionsveranstaltung der drei Oberb\u00fcrgermeisterkandidaten TatjanaSchneider (parteilos, unterst\u00fctzt von B\u00fcndnis 90\/ DIE GR\u00dcNEN \/ PIRATEN), Thorsten Kornblum (SPD) und Kaspar Haller (parteilos unterst\u00fctzt &hellip; <a href=\"https:\/\/movebs.de\/?p=613\">Weiterlesen <span class=\"meta-nav\">&rarr;<\/span><\/a><\/p>\n","protected":false},"author":2,"featured_media":0,"comment_status":"closed","ping_status":"open","sticky":false,"template":"","format":"standard","meta":{"footnotes":""},"categories":[4],"tags":[25,24,23],"class_list":["post-613","post","type-post","status-publish","format-standard","hentry","category-aktuell","tag-diskussion","tag-kommunalwahl","tag-vcd"],"post_mailing_queue_ids":[],"_links":{"self":[{"href":"https:\/\/movebs.de\/index.php?rest_route=\/wp\/v2\/posts\/613","targetHints":{"allow":["GET"]}}],"collection":[{"href":"https:\/\/movebs.de\/index.php?rest_route=\/wp\/v2\/posts"}],"about":[{"href":"https:\/\/movebs.de\/index.php?rest_route=\/wp\/v2\/types\/post"}],"author":[{"embeddable":true,"href":"https:\/\/movebs.de\/index.php?rest_route=\/wp\/v2\/users\/2"}],"replies":[{"embeddable":true,"href":"https:\/\/movebs.de\/index.php?rest_route=%2Fwp%2Fv2%2Fcomments&post=613"}],"version-history":[{"count":2,"href":"https:\/\/movebs.de\/index.php?rest_route=\/wp\/v2\/posts\/613\/revisions"}],"predecessor-version":[{"id":617,"href":"https:\/\/movebs.de\/index.php?rest_route=\/wp\/v2\/posts\/613\/revisions\/617"}],"wp:attachment":[{"href":"https:\/\/movebs.de\/index.php?rest_route=%2Fwp%2Fv2%2Fmedia&parent=613"}],"wp:term":[{"taxonomy":"category","embeddable":true,"href":"https:\/\/movebs.de\/index.php?rest_route=%2Fwp%2Fv2%2Fcategories&post=613"},{"taxonomy":"post_tag","embeddable":true,"href":"https:\/\/movebs.de\/index.php?rest_route=%2Fwp%2Fv2%2Ftags&post=613"}],"curies":[{"name":"wp","href":"https:\/\/api.w.org\/{rel}","templated":true}]}}