{"id":550,"date":"2020-09-26T17:40:40","date_gmt":"2020-09-26T15:40:40","guid":{"rendered":"http:\/\/movebs.de\/?p=550"},"modified":"2020-09-26T17:40:43","modified_gmt":"2020-09-26T15:40:43","slug":"stellungnahme-zum-bevorstehenden-streik-im-oeffentlichen-verkehr","status":"publish","type":"post","link":"https:\/\/movebs.de\/?p=550","title":{"rendered":"Stellungnahme zum bevorstehenden Streik im \u00f6ffentlichen Verkehr"},"content":{"rendered":"\n<p>Die Gewerkschaft ver.di hat f\u00fcr den<a rel=\"noreferrer noopener\" aria-label=\" 29.09.20 zum Warnstreik im \u00d6PNV aufgerufen. (\u00f6ffnet in neuem Tab)\" href=\"https:\/\/www.tagesschau.de\/wirtschaft\/warnstreik-nahverkehr-verdi-101.html\" target=\"_blank\"> 29.09.20 zum Warnstreik im \u00d6PNV aufgerufen.<\/a> Diesem stehen wir kritisch gegen\u00fcber:<\/p>\n\n\n\n<p>Das Personal im \u00f6ffentlichen Verkehr (\u00d6V) ist gerade in Corona-Zeiten gro\u00dfen Herausforderungen und Risiken ausgesetzt. Der \u00d6V hat bewiesen, dass er auch in dieser schwierigen Zeit z.B. auch die besonders systemrelevanten Arbeitnehmer zu ihren Jobs bringt. Selbstverst\u00e4ndlich unterst\u00fctzen wir daher die berechtigten Forderungen zur Verbesserung der Einkommenssituation des Personals im \u00d6V, dennoch sollten <strong>endlich andere Unterst\u00fctzungsaktionen gesucht werden als der \u201egute alte Streik\u201c!<\/strong> <\/p>\n\n\n\n<p>Wer\nin \u00d6PNV-Nutzerkreisen herumfragt, wird kaum Verst\u00e4ndnis f\u00fcr Streiks finden, es\nentsteht eher Frust auf das Fahrpersonal, der sich dann dort entl\u00e4dt. Dabei ist\nein gutes Fahrer-Fahrgast-Verh\u00e4ltnis elementar wichtig f\u00fcr zufriedenes Arbeiten\nim \u00d6V.<\/p>\n\n\n\n<p><strong>Der\nStreik trifft die Falschen:<\/strong> Es trifft auch gerade die, die in gewerkschaftsfernen\nBranchen prek\u00e4r arbeiten und auf Bahn und Bus angewiesen sind. Bei der Frage,\nwie frau\/man denn im Falle eines Streiks zur Arbeit kommen soll, wird die\nAntwort schwierig.<\/p>\n\n\n\n<p>Streiks sind gerade in der aktuellen Lage ein Anachronismus, der die Ziele der Verkehrswende untergr\u00e4bt und die langsame Erholung vom Lock-down wieder zur\u00fcckwirft. Auch trifft ein Streik die \u00f6ffentlichen Verkehrsunternehmen selbst nicht so sehr, wie angenommen: Der stillstehende Fahrzeugpark verbraucht keinen Treibstoff und das Personal wird \u00fcber die Streikkasse bezahlt.<\/p>\n\n\n\n<p>Wir\nalle werben mit guten Argumenten daf\u00fcr, auf den \u00d6PNV umzusteigen, auch \u2013 und\nbesonders \u2013 in Corona-Zeiten. Wer eine echte Verkehrswende will, muss daf\u00fcr\nsorgen, dass Bahnen und Busse zuverl\u00e4ssig fahren. Der \u00d6V muss als Teil der\nkritischen\/systemrelevanten Infrastruktur wertgesch\u00e4tzt werden. Ziel muss sein,\nden gesamten \u00d6V auch gesetzlich als Daseinsvorsorge zu verankern, das gilt\nbislang nur f\u00fcr den Sch\u00fclerverkehr. <\/p>\n\n\n\n<p>Dieses\nLeitbild sollten die Gewerkschaften im Schulterschluss mit den angesprochenen\nInitiativen in das Bewusstsein der Gesellschaft bringen, dann wird auch\n(politisch) so gew\u00e4hlt, dass es voran geht mit Bahn und Bus; von allein geht\nman dann respektabler mit dem Personal um, hoffentlich.<\/p>\n","protected":false},"excerpt":{"rendered":"<p>Die Gewerkschaft ver.di hat f\u00fcr den 29.09.20 zum Warnstreik im \u00d6PNV aufgerufen. Diesem stehen wir kritisch gegen\u00fcber: Das Personal im \u00f6ffentlichen Verkehr (\u00d6V) ist gerade in Corona-Zeiten gro\u00dfen Herausforderungen und Risiken ausgesetzt. Der \u00d6V hat bewiesen, dass er auch in &hellip; <a href=\"https:\/\/movebs.de\/?p=550\">Weiterlesen <span class=\"meta-nav\">&rarr;<\/span><\/a><\/p>\n","protected":false},"author":2,"featured_media":0,"comment_status":"closed","ping_status":"open","sticky":false,"template":"","format":"standard","meta":{"footnotes":""},"categories":[4],"tags":[],"class_list":["post-550","post","type-post","status-publish","format-standard","hentry","category-aktuell"],"post_mailing_queue_ids":[],"_links":{"self":[{"href":"https:\/\/movebs.de\/index.php?rest_route=\/wp\/v2\/posts\/550","targetHints":{"allow":["GET"]}}],"collection":[{"href":"https:\/\/movebs.de\/index.php?rest_route=\/wp\/v2\/posts"}],"about":[{"href":"https:\/\/movebs.de\/index.php?rest_route=\/wp\/v2\/types\/post"}],"author":[{"embeddable":true,"href":"https:\/\/movebs.de\/index.php?rest_route=\/wp\/v2\/users\/2"}],"replies":[{"embeddable":true,"href":"https:\/\/movebs.de\/index.php?rest_route=%2Fwp%2Fv2%2Fcomments&post=550"}],"version-history":[{"count":1,"href":"https:\/\/movebs.de\/index.php?rest_route=\/wp\/v2\/posts\/550\/revisions"}],"predecessor-version":[{"id":551,"href":"https:\/\/movebs.de\/index.php?rest_route=\/wp\/v2\/posts\/550\/revisions\/551"}],"wp:attachment":[{"href":"https:\/\/movebs.de\/index.php?rest_route=%2Fwp%2Fv2%2Fmedia&parent=550"}],"wp:term":[{"taxonomy":"category","embeddable":true,"href":"https:\/\/movebs.de\/index.php?rest_route=%2Fwp%2Fv2%2Fcategories&post=550"},{"taxonomy":"post_tag","embeddable":true,"href":"https:\/\/movebs.de\/index.php?rest_route=%2Fwp%2Fv2%2Ftags&post=550"}],"curies":[{"name":"wp","href":"https:\/\/api.w.org\/{rel}","templated":true}]}}