{"id":520,"date":"2019-12-12T15:36:25","date_gmt":"2019-12-12T14:36:25","guid":{"rendered":"http:\/\/movebs.de\/?p=520"},"modified":"2019-12-12T21:34:59","modified_gmt":"2019-12-12T20:34:59","slug":"520","status":"publish","type":"post","link":"https:\/\/movebs.de\/?p=520","title":{"rendered":"Kritik und Anregungen zum Nahverkehrsplan 2020"},"content":{"rendered":"\n<p>Alle f\u00fcnf Jahre erstellt der Regionalverband Gro\u00dfraum Braunschweig (RGB) als Aufgabentr\u00e4ger f\u00fcr den \u00f6ffentlichen Nahverkehr einen Nahverkehrsplan (NVP), der den augenblicklichen Zustand und Weiterentwicklungen des Bus- und Bahnangebotes beschreibt. <\/p>\n\n\n\n<div class=\"wp-block-image\"><figure class=\"aligncenter is-resized\"><img loading=\"lazy\" decoding=\"async\" src=\"http:\/\/movebs.de\/wp-content\/uploads\/2019\/12\/NVP_2020_Teaser_crop600_v2.jpg\" alt=\"\" class=\"wp-image-526\" width=\"417\" height=\"417\" srcset=\"https:\/\/movebs.de\/wp-content\/uploads\/2019\/12\/NVP_2020_Teaser_crop600_v2.jpg 600w, https:\/\/movebs.de\/wp-content\/uploads\/2019\/12\/NVP_2020_Teaser_crop600_v2-150x150.jpg 150w, https:\/\/movebs.de\/wp-content\/uploads\/2019\/12\/NVP_2020_Teaser_crop600_v2-300x300.jpg 300w\" sizes=\"auto, (max-width: 417px) 100vw, 417px\" \/><figcaption>Der Nahverkehrsplan 2020 des Regionalverbands Gro\u00dfraum Braunschweig<\/figcaption><\/figure><\/div>\n\n\n\n<p>Wir von MoVeBs haben den neuen Nahverkehrsplan 2020 durchgearbeitet, den Inhalt gepr\u00fcft, und m\u00fcssen leider feststellen, dass es sich im Wesentlichen nur um eine Fortschreibung des bestehenden Plans von 2016 handelt. Es sollen viele Verbesserungsvorschl\u00e4ge und -ma\u00dfnahmen (aus der Region) gepr\u00fcft werden, doch es gibt keinerlei verbindlichen Terminierungen, ob und wann diese Pr\u00fcfauftr\u00e4gen dann auch konkret umgesetzt werden.<\/p>\n\n\n\n<p>Vor allem fehlt ein Plan f\u00fcr den Ausbau des schienengebundenen \u00d6PNV in der Region; hier wird nur das Bisherige fortgeschrieben und nicht einmal erl\u00e4utert, warum Ma\u00dfnahmen, die bereits 2012 und 2016 beschlossen waren, nun wieder den Status \u201ePr\u00fcfauftrag\u201c haben sollen. Weder werden der kommende Deutschland-Takt, noch Pl\u00e4ne und Initiativen&nbsp; ber\u00fccksichtigt, das Schienennetz der Region zu erweitern.<\/p>\n\n\n\n<p>Anstatt sich in Einzelma\u00dfnahmen und\nPr\u00fcfauftr\u00e4gen zu verzetteln, erwarten wir vom RGB die Entwicklung einer\n\u00fcbergeordneten, an den Bed\u00fcrfnissen der jetzigen und k\u00fcnftigen \u00d6V-Nutzer_innen\norientierten Netzstruktur, die die verschiedenen \u00d6V-Arten sinnvoll miteinander\nverkn\u00fcpft und zukunftsorientiert ist.<\/p>\n\n\n\n<p>Wir erwarten weiter Zielvorgaben f\u00fcr den bis 2025 zu erreichenden Anteil des \u00d6PNV am Gesamtverkehr in der Region. Hier finden sich nur blumige Allgemeinpl\u00e4tze im NVP. Dazu haben wir in <a href=\"http:\/\/movebs.de\/wp-content\/uploads\/2019\/12\/MoVeBs_Stellungnahme_zum_NVP2020_Gesamtentwurf.pdf\">unserer Stellungnahme<\/a> anhand zweier Teilnetze im Norden Braunschweigs und des grenz\u00fcberschreitenden Verkehrs ins Nachbarland Sachsen-Anhalt konrete Vorschl\u00e4ge entwickelt. <\/p>\n","protected":false},"excerpt":{"rendered":"<p>Alle f\u00fcnf Jahre erstellt der Regionalverband Gro\u00dfraum Braunschweig (RGB) als Aufgabentr\u00e4ger f\u00fcr den \u00f6ffentlichen Nahverkehr einen Nahverkehrsplan (NVP), der den augenblicklichen Zustand und Weiterentwicklungen des Bus- und Bahnangebotes beschreibt. Wir von MoVeBs haben den neuen Nahverkehrsplan 2020 durchgearbeitet, den Inhalt &hellip; <a href=\"https:\/\/movebs.de\/?p=520\">Weiterlesen <span class=\"meta-nav\">&rarr;<\/span><\/a><\/p>\n","protected":false},"author":2,"featured_media":526,"comment_status":"closed","ping_status":"open","sticky":false,"template":"","format":"standard","meta":{"footnotes":""},"categories":[4,10,7],"tags":[15,11,14,12,13],"class_list":["post-520","post","type-post","status-publish","format-standard","has-post-thumbnail","hentry","category-aktuell","category-region","category-wissenswertes","tag-anregung","tag-nahverkehrsplan","tag-nvp","tag-rgb","tag-zgb"],"post_mailing_queue_ids":[],"_links":{"self":[{"href":"https:\/\/movebs.de\/index.php?rest_route=\/wp\/v2\/posts\/520","targetHints":{"allow":["GET"]}}],"collection":[{"href":"https:\/\/movebs.de\/index.php?rest_route=\/wp\/v2\/posts"}],"about":[{"href":"https:\/\/movebs.de\/index.php?rest_route=\/wp\/v2\/types\/post"}],"author":[{"embeddable":true,"href":"https:\/\/movebs.de\/index.php?rest_route=\/wp\/v2\/users\/2"}],"replies":[{"embeddable":true,"href":"https:\/\/movebs.de\/index.php?rest_route=%2Fwp%2Fv2%2Fcomments&post=520"}],"version-history":[{"count":4,"href":"https:\/\/movebs.de\/index.php?rest_route=\/wp\/v2\/posts\/520\/revisions"}],"predecessor-version":[{"id":527,"href":"https:\/\/movebs.de\/index.php?rest_route=\/wp\/v2\/posts\/520\/revisions\/527"}],"wp:featuredmedia":[{"embeddable":true,"href":"https:\/\/movebs.de\/index.php?rest_route=\/wp\/v2\/media\/526"}],"wp:attachment":[{"href":"https:\/\/movebs.de\/index.php?rest_route=%2Fwp%2Fv2%2Fmedia&parent=520"}],"wp:term":[{"taxonomy":"category","embeddable":true,"href":"https:\/\/movebs.de\/index.php?rest_route=%2Fwp%2Fv2%2Fcategories&post=520"},{"taxonomy":"post_tag","embeddable":true,"href":"https:\/\/movebs.de\/index.php?rest_route=%2Fwp%2Fv2%2Ftags&post=520"}],"curies":[{"name":"wp","href":"https:\/\/api.w.org\/{rel}","templated":true}]}}