{"id":259,"date":"2016-11-12T22:59:52","date_gmt":"2016-11-12T21:59:52","guid":{"rendered":"http:\/\/movebs.spargel-express.de\/?p=259"},"modified":"2019-03-10T12:41:13","modified_gmt":"2019-03-10T11:41:13","slug":"movebs-begruesst-verbesserungen-im-oepnv","status":"publish","type":"post","link":"https:\/\/movebs.de\/?p=259","title":{"rendered":"MoVeBS begr\u00fc\u00dft Verbesserungen im \u00d6PNV"},"content":{"rendered":"<p>Dank <a href=\"http:\/\/zgb.de\/aktuelles\/neuigkeiten\/nachricht\/news\/detail\/News\/30-millionen-euro-mehr-fuer-den-oepnv-zgb-setzt-riesige-verbesserungen-auf-schiene-und-strasse-um\/\" target=\"_blank\">Erh\u00f6hungen der Zusch\u00fcsse f\u00fcr den regionalen \u00f6ffentliche Personennahverkehr (\u00d6PNV) um bis zu 30 Mio Euro pro Jahr<\/a> kann der Nahverkehr der Region erheblich aufgewertet werden. Die ehesten Verbesserungen werden dabei im regionalen Busverkehr umgesetzt; so wird der Abend-, Samstags- und Sonntagsverkehr der Linien 420 und 450 deutlich ausgeweitet. Angebotsausweitungen im Zugverkehr kommen ebenfalls bereits zum n\u00e4chsten Fahrplanwechsel im Dezember (z.B. zus\u00e4tzliche Abendverbindungen).<\/p>\n<p>F\u00fcr die &#8222;richtig gro\u00dfen&#8220; Projekte im Bahnverkehr wie ein Halbstundentakt zwischen Braunschweig und Wolfsburg und dem Stundentakt zwischen Braunschweig und Gifhorn m\u00fcssen dagegen zun\u00e4chst aufwendigere Umbauarbeiten (<a href=\"http:\/\/www.kreiszeitung.de\/lokales\/niedersachsen\/ice-strecke-braunschweig-wolfsburg-wird-ausgebaut-6147498.html\" target=\"_blank\">zweigleisiger Ausbau Weddeler Schleife<\/a>, Ausbauten auf der M\u00fchlenbahn Braunschweig-Uelzen) erfolgen. Auch muss f\u00fcr den Bau zus\u00e4tzlicher Haltepunkte in der Region eine entsprechende Planungs- und Bauzeit ber\u00fccksichtig werden.<\/p>\n<p>Nachdem lange insbesondere der regionale Bahnverkehr in der Region deutlich vernachl\u00e4ssigt wurde, konnte mit der Aufnahme des <a href=\"http:\/\/zgb.de\/verkehrsplanung\/regionalbahnkonzept2014\/\" target=\"_blank\">Regionalbahnkonzeptes 2014+<\/a> das Angebot auf vielen Strecken auf den &#8222;Normalzustand&#8220; Stundentakt gebracht werden. Nun stehen nicht nur die Chancen gut, dass auch die Bahnstrecke Braunschweig-Uelzen auf einen verl\u00e4sslichen Stundentakt gebracht wird, sondern auch dass der umweltfreundliche \u00d6PNV als Ganzes deutlich mehr Menschen anspricht.<\/p>\n","protected":false},"excerpt":{"rendered":"<p>Dank Erh\u00f6hungen der Zusch\u00fcsse f\u00fcr den regionalen \u00f6ffentliche Personennahverkehr (\u00d6PNV) um bis zu 30 Mio Euro pro Jahr kann der Nahverkehr der Region erheblich aufgewertet werden. Die ehesten Verbesserungen werden dabei im regionalen Busverkehr umgesetzt; so wird der Abend-, Samstags- &hellip; <a href=\"https:\/\/movebs.de\/?p=259\">Weiterlesen <span class=\"meta-nav\">&rarr;<\/span><\/a><\/p>\n","protected":false},"author":2,"featured_media":0,"comment_status":"closed","ping_status":"closed","sticky":false,"template":"","format":"standard","meta":{"footnotes":""},"categories":[4],"tags":[],"class_list":["post-259","post","type-post","status-publish","format-standard","hentry","category-aktuell"],"post_mailing_queue_ids":[],"_links":{"self":[{"href":"https:\/\/movebs.de\/index.php?rest_route=\/wp\/v2\/posts\/259","targetHints":{"allow":["GET"]}}],"collection":[{"href":"https:\/\/movebs.de\/index.php?rest_route=\/wp\/v2\/posts"}],"about":[{"href":"https:\/\/movebs.de\/index.php?rest_route=\/wp\/v2\/types\/post"}],"author":[{"embeddable":true,"href":"https:\/\/movebs.de\/index.php?rest_route=\/wp\/v2\/users\/2"}],"replies":[{"embeddable":true,"href":"https:\/\/movebs.de\/index.php?rest_route=%2Fwp%2Fv2%2Fcomments&post=259"}],"version-history":[{"count":6,"href":"https:\/\/movebs.de\/index.php?rest_route=\/wp\/v2\/posts\/259\/revisions"}],"predecessor-version":[{"id":265,"href":"https:\/\/movebs.de\/index.php?rest_route=\/wp\/v2\/posts\/259\/revisions\/265"}],"wp:attachment":[{"href":"https:\/\/movebs.de\/index.php?rest_route=%2Fwp%2Fv2%2Fmedia&parent=259"}],"wp:term":[{"taxonomy":"category","embeddable":true,"href":"https:\/\/movebs.de\/index.php?rest_route=%2Fwp%2Fv2%2Fcategories&post=259"},{"taxonomy":"post_tag","embeddable":true,"href":"https:\/\/movebs.de\/index.php?rest_route=%2Fwp%2Fv2%2Ftags&post=259"}],"curies":[{"name":"wp","href":"https:\/\/api.w.org\/{rel}","templated":true}]}}