{"id":217,"date":"2015-09-28T22:01:11","date_gmt":"2015-09-28T20:01:11","guid":{"rendered":"http:\/\/movebs.spargel-express.de\/?p=217"},"modified":"2019-03-10T12:41:34","modified_gmt":"2019-03-10T11:41:34","slug":"denk-deine-stadt-mitmachaktion-der-stadt-braunschweig","status":"publish","type":"post","link":"https:\/\/movebs.de\/?p=217","title":{"rendered":"Denk Deine Stadt &#8211; Mitmachaktion der Stadt Braunschweig"},"content":{"rendered":"<p>Im Rahmen der Aktion &#8222;Denk Deine Stadt&#8220; sind die B\u00fcrger Braunschweigs aufgerufen, Verbesserungsvorschl\u00e4ge, Ideen, Kritik oder Lob an die Stadt zu kommunizieren und sich so an dem Planungs- und Gestaltungsprozess zu beteildigen. Unter den Einreichungen, die jeder frei \u00fcber <a href=\"http:\/\/www.denkdeinestadt.de\/\" target=\"_blank\">denkdeinestadt.de<\/a> schreiben und nachlesen kann, befinden sich auch viele zum Thema Verkehr. St\u00f6bert man durch diese, so wird schnell deutlich, dass sich viele Menschen \u00e4hnlich wie wir von MoVeBS eine St\u00e4rkung des Rad- und \u00f6ffentlichen Verkehrs w\u00fcnschen.<\/p>\n","protected":false},"excerpt":{"rendered":"<p>Im Rahmen der Aktion &#8222;Denk Deine Stadt&#8220; sind die B\u00fcrger Braunschweigs aufgerufen, Verbesserungsvorschl\u00e4ge, Ideen, Kritik oder Lob an die Stadt zu kommunizieren und sich so an dem Planungs- und Gestaltungsprozess zu beteildigen. Unter den Einreichungen, die jeder frei \u00fcber denkdeinestadt.de &hellip; <a href=\"https:\/\/movebs.de\/?p=217\">Weiterlesen <span class=\"meta-nav\">&rarr;<\/span><\/a><\/p>\n","protected":false},"author":2,"featured_media":0,"comment_status":"closed","ping_status":"closed","sticky":false,"template":"","format":"standard","meta":{"footnotes":""},"categories":[4],"tags":[],"class_list":["post-217","post","type-post","status-publish","format-standard","hentry","category-aktuell"],"post_mailing_queue_ids":[],"_links":{"self":[{"href":"https:\/\/movebs.de\/index.php?rest_route=\/wp\/v2\/posts\/217","targetHints":{"allow":["GET"]}}],"collection":[{"href":"https:\/\/movebs.de\/index.php?rest_route=\/wp\/v2\/posts"}],"about":[{"href":"https:\/\/movebs.de\/index.php?rest_route=\/wp\/v2\/types\/post"}],"author":[{"embeddable":true,"href":"https:\/\/movebs.de\/index.php?rest_route=\/wp\/v2\/users\/2"}],"replies":[{"embeddable":true,"href":"https:\/\/movebs.de\/index.php?rest_route=%2Fwp%2Fv2%2Fcomments&post=217"}],"version-history":[{"count":2,"href":"https:\/\/movebs.de\/index.php?rest_route=\/wp\/v2\/posts\/217\/revisions"}],"predecessor-version":[{"id":219,"href":"https:\/\/movebs.de\/index.php?rest_route=\/wp\/v2\/posts\/217\/revisions\/219"}],"wp:attachment":[{"href":"https:\/\/movebs.de\/index.php?rest_route=%2Fwp%2Fv2%2Fmedia&parent=217"}],"wp:term":[{"taxonomy":"category","embeddable":true,"href":"https:\/\/movebs.de\/index.php?rest_route=%2Fwp%2Fv2%2Fcategories&post=217"},{"taxonomy":"post_tag","embeddable":true,"href":"https:\/\/movebs.de\/index.php?rest_route=%2Fwp%2Fv2%2Ftags&post=217"}],"curies":[{"name":"wp","href":"https:\/\/api.w.org\/{rel}","templated":true}]}}