{"id":179,"date":"2015-03-08T16:27:13","date_gmt":"2015-03-08T15:27:13","guid":{"rendered":"http:\/\/movebs.spargel-express.de\/?p=179"},"modified":"2017-03-16T21:41:05","modified_gmt":"2017-03-16T20:41:05","slug":"visionen-und-konzepte-spargel-express","status":"publish","type":"post","link":"https:\/\/movebs.de\/?p=179","title":{"rendered":"Visionen und Konzepte: &#8222;Spargel-Express&#8220;"},"content":{"rendered":"<p>Die graphische Pr\u00e4sentation richtet ihren Blick auf einen Kreuzungspunkt der Braunschweiger Stra\u00dfenbahn (Linie M1) mit einer bestehenden Bahnstrecke &#8211; auch wenn hier derzeit nur G\u00fcterz\u00fcge verkehren.<\/p>\n<p>Die Aufr\u00fcstung der G\u00fcterzugstrecke f\u00fcr den Personenverkehr (&#8222;<em>Spargel-Express<\/em>&#8222;; Braunschweig &#8211; Watenb\u00fcttel &#8211; V\u00f6lkenrode &#8211; Wendeburg &#8211; Harvesse) wird derzeit im Rahmen eines nieders\u00e4chsischen Reaktivierungsprogrammes gepr\u00fcft.<\/p>\n<p>Im Nahumkreis der Umsteigestation liegen mehr als 10.000 gewerbliche Arbeitspl\u00e4tze (VW-Werk, VW-Financial, weitere). Auch die Besucher des Eintracht-Stadions profitieren von einer neuen Bahnanbindung. Der Fu\u00dfweg betr\u00e4gt rund 500 Meter.<\/p>\n<p>Die gezeigte L\u00f6sung:<\/p>\n<ul>\n<li>Schneller \u00dcbergang zwischen beiden Bahnlinien<\/li>\n<li>Die Bahnsteige erhalten einen gemeinsamen Wetterschutz<\/li>\n<li>Abstellanlagen f\u00fcr Fahrr\u00e4der (inkl. Elektro-Ladestation)<\/li>\n<li>Integrierte Parkpl\u00e4tze f\u00fcr Car-Sharing (inkl. Elektro-Ladestation)<\/li>\n<\/ul>\n<p><a href=\"http:\/\/movebs.de\/wp-content\/uploads\/2015\/03\/Vision_Spargelexpress.jpg\" target=\"_blank\"><img loading=\"lazy\" decoding=\"async\" class=\"aligncenter wp-image-180 size-medium\" src=\"http:\/\/movebs.de\/wp-content\/uploads\/2015\/03\/Vision_Spargelexpress-300x212.jpg\" alt=\"Vision_Spargelexpress\" width=\"300\" height=\"212\" srcset=\"https:\/\/movebs.de\/wp-content\/uploads\/2015\/03\/Vision_Spargelexpress-300x212.jpg 300w, https:\/\/movebs.de\/wp-content\/uploads\/2015\/03\/Vision_Spargelexpress-1024x724.jpg 1024w, https:\/\/movebs.de\/wp-content\/uploads\/2015\/03\/Vision_Spargelexpress.jpg 1754w\" sizes=\"auto, (max-width: 300px) 100vw, 300px\" \/><\/a>Das Projekt wird auf einer eignen Seite intensiv beleuchtet: <a href=\"http:\/\/spargel-express.de\/\" target=\"_blank\">http:\/\/spargel-express.de\/<\/a><\/p>\n","protected":false},"excerpt":{"rendered":"<p>Die graphische Pr\u00e4sentation richtet ihren Blick auf einen Kreuzungspunkt der Braunschweiger Stra\u00dfenbahn (Linie M1) mit einer bestehenden Bahnstrecke &#8211; auch wenn hier derzeit nur G\u00fcterz\u00fcge verkehren. Die Aufr\u00fcstung der G\u00fcterzugstrecke f\u00fcr den Personenverkehr (&#8222;Spargel-Express&#8222;; Braunschweig &#8211; Watenb\u00fcttel &#8211; V\u00f6lkenrode &#8211; &hellip; <a href=\"https:\/\/movebs.de\/?p=179\">Weiterlesen <span class=\"meta-nav\">&rarr;<\/span><\/a><\/p>\n","protected":false},"author":2,"featured_media":0,"comment_status":"closed","ping_status":"closed","sticky":false,"template":"","format":"standard","meta":{"footnotes":""},"categories":[8],"tags":[],"class_list":["post-179","post","type-post","status-publish","format-standard","hentry","category-stadtbahnplanung"],"post_mailing_queue_ids":[],"_links":{"self":[{"href":"https:\/\/movebs.de\/index.php?rest_route=\/wp\/v2\/posts\/179","targetHints":{"allow":["GET"]}}],"collection":[{"href":"https:\/\/movebs.de\/index.php?rest_route=\/wp\/v2\/posts"}],"about":[{"href":"https:\/\/movebs.de\/index.php?rest_route=\/wp\/v2\/types\/post"}],"author":[{"embeddable":true,"href":"https:\/\/movebs.de\/index.php?rest_route=\/wp\/v2\/users\/2"}],"replies":[{"embeddable":true,"href":"https:\/\/movebs.de\/index.php?rest_route=%2Fwp%2Fv2%2Fcomments&post=179"}],"version-history":[{"count":3,"href":"https:\/\/movebs.de\/index.php?rest_route=\/wp\/v2\/posts\/179\/revisions"}],"predecessor-version":[{"id":405,"href":"https:\/\/movebs.de\/index.php?rest_route=\/wp\/v2\/posts\/179\/revisions\/405"}],"wp:attachment":[{"href":"https:\/\/movebs.de\/index.php?rest_route=%2Fwp%2Fv2%2Fmedia&parent=179"}],"wp:term":[{"taxonomy":"category","embeddable":true,"href":"https:\/\/movebs.de\/index.php?rest_route=%2Fwp%2Fv2%2Fcategories&post=179"},{"taxonomy":"post_tag","embeddable":true,"href":"https:\/\/movebs.de\/index.php?rest_route=%2Fwp%2Fv2%2Ftags&post=179"}],"curies":[{"name":"wp","href":"https:\/\/api.w.org\/{rel}","templated":true}]}}