{"id":168,"date":"2015-03-12T17:11:49","date_gmt":"2015-03-12T16:11:49","guid":{"rendered":"http:\/\/movebs.spargel-express.de\/?p=168"},"modified":"2017-03-16T21:41:52","modified_gmt":"2017-03-16T20:41:52","slug":"visionen-und-konzepte-petritor-lehndorf-kanzlerfeld","status":"publish","type":"post","link":"https:\/\/movebs.de\/?p=168","title":{"rendered":"Visionen und Konzepte: Petritor &#8211; Lehndorf &#8211; Kanzlerfeld"},"content":{"rendered":"<p>(Infos zur aktuellen Ausstellung siehe Beitrag vom 24.2.)<\/p>\n<p>Die Stra\u00dfenbahnlinie 4 endet heute am Radeklint, noch im inneren Stadtbereich. \u00dcber den Sinn einer Fortf\u00fchrung in die westlichen Au\u00dfenbezirke besteht kein Zweifel, denn damit k\u00f6nnen mehrere sehr gro\u00dfe, dicht besiedelte Stadtquartiere erschlossen werden.<\/p>\n<p>Die bisherige Diskussion lie\u00df die Frage offen, auf welcher Trasse die beste L\u00f6sung zu erzielen sei. Und wenig ber\u00fccksichtigt wurde auch, welche positiven st\u00e4dtebaulichen Auswirkungen damit verbunden sein k\u00f6nnten.<\/p>\n<p>Die Planskizzen zeigen einen Vorschlag f\u00fcr die Trassenf\u00fchrung bis zum Saarplatz (Lehndorf-Siedlung) und plausible Detaill\u00f6sungen f\u00fcr einige vermeintliche Problembereiche.<\/p>\n<p><a href=\"http:\/\/movebs.de\/wp-content\/uploads\/2015\/03\/Vision_Kanzlerfeld_Lehndorf1.jpg\" target=\"_blank\"><img loading=\"lazy\" decoding=\"async\" class=\"aligncenter wp-image-193 size-medium\" src=\"http:\/\/movebs.de\/wp-content\/uploads\/2015\/03\/Vision_Kanzlerfeld_Lehndorf1-300x81.jpg\" alt=\"\" width=\"300\" height=\"81\" srcset=\"https:\/\/movebs.de\/wp-content\/uploads\/2015\/03\/Vision_Kanzlerfeld_Lehndorf1-300x81.jpg 300w, https:\/\/movebs.de\/wp-content\/uploads\/2015\/03\/Vision_Kanzlerfeld_Lehndorf1-1024x276.jpg 1024w\" sizes=\"auto, (max-width: 300px) 100vw, 300px\" \/><\/a><\/p>\n<h4>1 &#8211; Abschnitt Radeklint bis vor Rudolfplatz<\/h4>\n<p>Mit der F\u00fchrung durch die Freise- und die Klosterstra\u00dfe wird die Inanspruchnahme der Hauptverkehrsader Celler Stra\u00dfe minimiert. Durch die Nutzungsaufgabe des Holwede-Krankenhauses und der JVA Rennelberg werden in diesem Gebiet voraussichtlich mehrere hundert neue Wohneinheiten entstehen, die von vornherein eine Stadtbahnanbindung erhalten (Steigerung von Wohnwert und Wohnqualit\u00e4t).<\/p>\n<p>&nbsp;<\/p>\n<h4>2 &#8211; Abschnitt Rudolfplatz bis A391<\/h4>\n<p>Der Rudolfplatz wird neu gestaltet und erh\u00e4lt im S\u00fcdbereich seine Aufenthaltsqualit\u00e4t zur\u00fcck (B\u00e4ume, B\u00e4nke, Stra\u00dfencaf\u00e9). Die heute sehr komplizierte F\u00fchrung des Durchgangsverkehrs wird vereinfacht, was ohne Funktionsverlust m\u00f6glich ist. Es entsteht eine neue Umsteigestation f\u00fcr Bus und Bahn.<\/p>\n<p>Im \u00f6stlichen Bereich der Hildesheimer Stra\u00dfe f\u00e4hrt die Stra\u00dfenbahn auf der Fahrbahn, im westlichen Bereich auf eigenem Gleisk\u00f6rper auf der Nordseite der Stra\u00dfe.<\/p>\n<p><a href=\"http:\/\/movebs.de\/wp-content\/uploads\/2015\/03\/Vision-Rudolfplatz1.jpg\" target=\"_blank\"><img loading=\"lazy\" decoding=\"async\" class=\"aligncenter wp-image-196 size-medium\" src=\"http:\/\/movebs.de\/wp-content\/uploads\/2015\/03\/Vision-Rudolfplatz1-300x254.jpg\" alt=\"\" width=\"300\" height=\"254\" srcset=\"https:\/\/movebs.de\/wp-content\/uploads\/2015\/03\/Vision-Rudolfplatz1-300x254.jpg 300w, https:\/\/movebs.de\/wp-content\/uploads\/2015\/03\/Vision-Rudolfplatz1-1024x865.jpg 1024w\" sizes=\"auto, (max-width: 300px) 100vw, 300px\" \/><\/a><\/p>\n<h4>3 &#8211; Abschnitt A391 bis Saarplatz<\/h4>\n<p>Die Visualisierungen zeigen auf der Saarstra\u00dfe eine stra\u00dfenb\u00fcndige F\u00fchrung der Stadtbahn, die durch Ampel-Vorrangschaltung einen Vorsprung vor dem Autoverkehr erh\u00e4lt.<\/p>\n<p>Die &#8222;Lehndorfer Lindenallee&#8220; bleibt vollst\u00e4ndig erhalten und wird wo irgend m\u00f6glich durch neue Linden erg\u00e4nzt. Die Neuaufteilung des gesamten Stra\u00dfenraumes ber\u00fccksichtigt in st\u00e4rkerer Weise als heute die Belange von Fu\u00dfg\u00e4ngern und Radfahrern.<\/p>\n<p>&nbsp;<\/p>\n<p><a href=\"http:\/\/movebs.de\/wp-content\/uploads\/2015\/02\/Planungsquerschnitt-Saarbrueckener_Strasze-20150113-01.jpg\" target=\"_blank\"><img loading=\"lazy\" decoding=\"async\" class=\"aligncenter wp-image-104 size-medium\" src=\"http:\/\/movebs.de\/wp-content\/uploads\/2015\/02\/Planungsquerschnitt-Saarbrueckener_Strasze-20150113-01-212x300.jpg\" alt=\"Planungsquerschnitt-Saarbrueckener_Strasze-20150113-01\" width=\"212\" height=\"300\" srcset=\"https:\/\/movebs.de\/wp-content\/uploads\/2015\/02\/Planungsquerschnitt-Saarbrueckener_Strasze-20150113-01-212x300.jpg 212w, https:\/\/movebs.de\/wp-content\/uploads\/2015\/02\/Planungsquerschnitt-Saarbrueckener_Strasze-20150113-01-724x1024.jpg 724w, https:\/\/movebs.de\/wp-content\/uploads\/2015\/02\/Planungsquerschnitt-Saarbrueckener_Strasze-20150113-01.jpg 1754w\" sizes=\"auto, (max-width: 212px) 100vw, 212px\" \/><\/a><\/p>\n<h4>4 &#8211; Abschnitt Saarplatz bis Kanzlerfeld [nicht gezeigt]<\/h4>\n<p>Anbindung eines gro\u00dfen Wohnviertels und zweier Gro\u00dfforschungseinrichtungen (Endhaltestelle Th\u00fcnen-Institut; PTB in 1.000 m Entfernung). Keine besonderen planerischen Probleme, da eine Stadtbahntrasse freigehalten ist. Sofern Zwei-Richtungs-Fahrzeuge verwendet werden, ist eine Wendeschleife unn\u00f6tig.<\/p>\n<p>&nbsp;<\/p>\n","protected":false},"excerpt":{"rendered":"<p>(Infos zur aktuellen Ausstellung siehe Beitrag vom 24.2.) Die Stra\u00dfenbahnlinie 4 endet heute am Radeklint, noch im inneren Stadtbereich. \u00dcber den Sinn einer Fortf\u00fchrung in die westlichen Au\u00dfenbezirke besteht kein Zweifel, denn damit k\u00f6nnen mehrere sehr gro\u00dfe, dicht besiedelte Stadtquartiere &hellip; <a href=\"https:\/\/movebs.de\/?p=168\">Weiterlesen <span class=\"meta-nav\">&rarr;<\/span><\/a><\/p>\n","protected":false},"author":2,"featured_media":0,"comment_status":"closed","ping_status":"closed","sticky":false,"template":"","format":"standard","meta":{"footnotes":""},"categories":[8],"tags":[],"class_list":["post-168","post","type-post","status-publish","format-standard","hentry","category-stadtbahnplanung"],"post_mailing_queue_ids":[],"_links":{"self":[{"href":"https:\/\/movebs.de\/index.php?rest_route=\/wp\/v2\/posts\/168","targetHints":{"allow":["GET"]}}],"collection":[{"href":"https:\/\/movebs.de\/index.php?rest_route=\/wp\/v2\/posts"}],"about":[{"href":"https:\/\/movebs.de\/index.php?rest_route=\/wp\/v2\/types\/post"}],"author":[{"embeddable":true,"href":"https:\/\/movebs.de\/index.php?rest_route=\/wp\/v2\/users\/2"}],"replies":[{"embeddable":true,"href":"https:\/\/movebs.de\/index.php?rest_route=%2Fwp%2Fv2%2Fcomments&post=168"}],"version-history":[{"count":8,"href":"https:\/\/movebs.de\/index.php?rest_route=\/wp\/v2\/posts\/168\/revisions"}],"predecessor-version":[{"id":406,"href":"https:\/\/movebs.de\/index.php?rest_route=\/wp\/v2\/posts\/168\/revisions\/406"}],"wp:attachment":[{"href":"https:\/\/movebs.de\/index.php?rest_route=%2Fwp%2Fv2%2Fmedia&parent=168"}],"wp:term":[{"taxonomy":"category","embeddable":true,"href":"https:\/\/movebs.de\/index.php?rest_route=%2Fwp%2Fv2%2Fcategories&post=168"},{"taxonomy":"post_tag","embeddable":true,"href":"https:\/\/movebs.de\/index.php?rest_route=%2Fwp%2Fv2%2Ftags&post=168"}],"curies":[{"name":"wp","href":"https:\/\/api.w.org\/{rel}","templated":true}]}}