{"id":160,"date":"2015-02-24T21:23:28","date_gmt":"2015-02-24T20:23:28","guid":{"rendered":"http:\/\/movebs.spargel-express.de\/?p=160"},"modified":"2015-03-03T22:30:34","modified_gmt":"2015-03-03T21:30:34","slug":"stadtbahnausbau-braunschweig-visionen-und-konzepte-ausstellung","status":"publish","type":"post","link":"https:\/\/movebs.de\/?p=160","title":{"rendered":"Stadtbahnausbau Braunschweig &#8211; Visionen und Konzepte (Ausstellung)"},"content":{"rendered":"<p>Wie soll unsere Stadt in Zukunft aussehen? Welche Rolle spielt der \u00f6ffentliche Personennahverkehr (\u00d6PNV)? Welchen Beitrag kann die Stadtbahn dazu leisten?<\/p>\n<p>F\u00fcr sieben ausgew\u00e4hlte Stadtraumsituationen werden sinnvolle Trassenvorschl\u00e4ge und effektive Probleml\u00f6sungen vorgestellt. Die Beispiele zeigen, dass mit dem Stadtbahnausbau auch eine sehr w\u00fcnschenswerte st\u00e4dtebauliche Erneuerung verbunden ist.<\/p>\n<p>Die vorgestellten Pl\u00e4ne, Zeichnungen und Grafiken entwickeln konkrete Szenarien &#8222;wie es sein k\u00f6nnte&#8220;. Dies vermittelt zum Teil verbl\u00fcffende Einsichten. Daneben ergeben sich vielf\u00e4ltige Anst\u00f6\u00dfe zu einer weiterf\u00fchrenden Diskussion.<\/p>\n<p>Die Ausstellung versteht sich vor allem als ein Beitrag zum b\u00fcrgerschaftlichen Dialog.<\/p>\n<hr \/>\n<p>&nbsp;<\/p>\n<p>Wir pr\u00e4sentieren unsere Planungen vom 2. bis 20. M\u00e4rz in der Brunsviga. Die Er\u00f6ffnung der Austellung wird am 2. M\u00e4rz um 17:00 Uhr stattfinden.<\/p>\n<p>Zur Ausstellung bieten wir F\u00fchrungen an, in denen wir Ihnen unsere Ideen n\u00e4her erl\u00e4utern und Ihre Fragen beantworten k\u00f6nnen. Diese sollen an den folgenden Terminen stattfinden:<\/p>\n<p>Mi, 04. M\u00e4rz, 19 Uhr<\/p>\n<p>Fr, 06. M\u00e4rz, 17 Uhr<\/p>\n<p>Mo, 09. M\u00e4rz, 17 Uhr<\/p>\n<p>Mo, 16. M\u00e4rz, 17 Uhr<\/p>\n<p>Mi, 18. M\u00e4rz, 19 Uhr<\/p>\n<p>Fr, 20. M\u00e4rz, 17 Uhr<\/p>\n<p>Um Anmeldung zu den F\u00fchrungen <a title=\"Kontakt\" href=\"http:\/\/movebs.spargel-express.de\/?page_id=42\" target=\"_blank\">\u00fcber unser Kontaktformular<\/a> wird gebeten.<\/p>\n<hr \/>\n<p>&nbsp;<\/p>\n<p>Ort und Zeit der Ausstellung:<\/p>\n<p>Kulturzentrum &#8222;Brunsviga&#8220;, Karlstra\u00dfe 35, 38106 Braunschweig<\/p>\n<p>TRAM M3: Haltestelle Grabenstra\u00dfe. BUS 230, 416, 419, 429, 436: Haltestelle Gliesmaroder Stra\u00dfe<\/p>\n<p>Montag &#8211; Freitag 9:00 &#8211; 23:00 Uhr (au\u00dfer Montag, 02.03.)<\/p>\n<p>Sonnabend 18:00 &#8211; 21:00 Uhr<\/p>\n<p>Der Eintritt ist frei.<\/p>\n","protected":false},"excerpt":{"rendered":"<p>Wie soll unsere Stadt in Zukunft aussehen? Welche Rolle spielt der \u00f6ffentliche Personennahverkehr (\u00d6PNV)? Welchen Beitrag kann die Stadtbahn dazu leisten? F\u00fcr sieben ausgew\u00e4hlte Stadtraumsituationen werden sinnvolle Trassenvorschl\u00e4ge und effektive Probleml\u00f6sungen vorgestellt. Die Beispiele zeigen, dass mit dem Stadtbahnausbau auch &hellip; <a href=\"https:\/\/movebs.de\/?p=160\">Weiterlesen <span class=\"meta-nav\">&rarr;<\/span><\/a><\/p>\n","protected":false},"author":2,"featured_media":0,"comment_status":"closed","ping_status":"closed","sticky":false,"template":"","format":"standard","meta":{"footnotes":""},"categories":[4,8],"tags":[],"class_list":["post-160","post","type-post","status-publish","format-standard","hentry","category-aktuell","category-stadtbahnplanung"],"post_mailing_queue_ids":[],"_links":{"self":[{"href":"https:\/\/movebs.de\/index.php?rest_route=\/wp\/v2\/posts\/160","targetHints":{"allow":["GET"]}}],"collection":[{"href":"https:\/\/movebs.de\/index.php?rest_route=\/wp\/v2\/posts"}],"about":[{"href":"https:\/\/movebs.de\/index.php?rest_route=\/wp\/v2\/types\/post"}],"author":[{"embeddable":true,"href":"https:\/\/movebs.de\/index.php?rest_route=\/wp\/v2\/users\/2"}],"replies":[{"embeddable":true,"href":"https:\/\/movebs.de\/index.php?rest_route=%2Fwp%2Fv2%2Fcomments&post=160"}],"version-history":[{"count":2,"href":"https:\/\/movebs.de\/index.php?rest_route=\/wp\/v2\/posts\/160\/revisions"}],"predecessor-version":[{"id":162,"href":"https:\/\/movebs.de\/index.php?rest_route=\/wp\/v2\/posts\/160\/revisions\/162"}],"wp:attachment":[{"href":"https:\/\/movebs.de\/index.php?rest_route=%2Fwp%2Fv2%2Fmedia&parent=160"}],"wp:term":[{"taxonomy":"category","embeddable":true,"href":"https:\/\/movebs.de\/index.php?rest_route=%2Fwp%2Fv2%2Fcategories&post=160"},{"taxonomy":"post_tag","embeddable":true,"href":"https:\/\/movebs.de\/index.php?rest_route=%2Fwp%2Fv2%2Ftags&post=160"}],"curies":[{"name":"wp","href":"https:\/\/api.w.org\/{rel}","templated":true}]}}