{"id":138,"date":"2015-02-22T19:05:22","date_gmt":"2015-02-22T18:05:22","guid":{"rendered":"http:\/\/movebs.spargel-express.de\/?p=138"},"modified":"2015-03-03T22:31:13","modified_gmt":"2015-03-03T21:31:13","slug":"westliche-innenstadtstrecke","status":"publish","type":"post","link":"https:\/\/movebs.de\/?p=138","title":{"rendered":"Westliche Innenstadtstrecke"},"content":{"rendered":"<p>Die westliche Innenstadtstrecke stellt eine wichtige Erweiterung des Braunschweiger Stra\u00dfenbahnnetzes dar. Aus vielen Bereichen Braunschweigs k\u00f6nnen direkte Verbindungen sowohl zum Bohlweg als auch in die westliche Innenstadt hergestellt werden (z.B. mit den Linien M3\/M5 aus der Weststadt). Insbesondere auch in Kombination mit einer Strecke richtung Kanzlerfeld kann ein hochwertiges Netz aufgebaut werden.<\/p>\n<p>Eine wichtige Funktion erf\u00fcllt diese Strecke auch bei St\u00f6rungen: W\u00e4hrend aktuell bei Sperrungen aufgrund von Demonstrationen oder Feiern auf dem Bohlweg der gr\u00f6\u00dfte Teil des Stra\u00dfenbahnbetriebes eingeschr\u00e4nkt wird, kann die westliche Innenstadtstrecke diese Verkehre aufnehmen und den Betrieb zuverl\u00e4ssig aufrecht erhalten.<\/p>\n<p>In der aktuellen Diskussion wird als konkrete Trasse haupts\u00e4chlich die Strecke \u00fcber den Altstadtmarkt genannt. Diese Strecke hat ihre Reize, wie die direkte Anbindung des Fu\u00dfg\u00e4ngerzonenbereiches um den Kohlmarkt, aber leider auch ihre Schw\u00e4chen: In den Bereich des historisch hoch bedeutenden Altststadtmarktes muss die Bahn m\u00f6glichst ohne Eingriffe eingef\u00fcgt werden. Zudem stellen die Querschnitte der G\u00f6rdelingerstra\u00dfe und Brabandtstra\u00dfe die Planer vor eine gro\u00dfe Herausforderung.<\/p>\n<p>Dagegen bietet die G\u00fcldenstra\u00dfe viel Platz. Eine Neugestaltung und Aufwertung des Stra\u00dfenraums kann die Attraktivit\u00e4t des gesamten Bereiches erheblich steigern. Aufgrund der direkten Wege ist die Fu\u00dfg\u00e4ngerzone nicht weit; gleichzeitig werden aber auch viele Wohnungen entlang der G\u00fcldenstra\u00dfe mit angebunden.<\/p>\n<p>Wir m\u00f6chten mit den nachfolgenden Collage (Gr\u00f6\u00dfe 2,6 MB) zeigen, welches Gestaltungspotential in der G\u00fcldenstra\u00dfe schlummert. Dabei wird nach franz\u00f6sischem Vorbild der durchgehende Autoverkehr verringert und die Attraktivit\u00e4t f\u00fcr Fu\u00dfg\u00e4nger und Fahrradfahrer erheblich erh\u00f6ht.<\/p>\n<p><a href=\"http:\/\/movebs.spargel-express.de\/wp-content\/uploads\/2015\/02\/Gueldenstrasse_klein.jpg\" target=\"_blank\"><img loading=\"lazy\" decoding=\"async\" class=\"aligncenter size-medium wp-image-155\" src=\"http:\/\/movebs.spargel-express.de\/wp-content\/uploads\/2015\/02\/Gueldenstrasse_klein-212x300.jpg\" alt=\"Gueldenstrasse_klein\" width=\"212\" height=\"300\" srcset=\"https:\/\/movebs.de\/wp-content\/uploads\/2015\/02\/Gueldenstrasse_klein-212x300.jpg 212w, https:\/\/movebs.de\/wp-content\/uploads\/2015\/02\/Gueldenstrasse_klein-723x1024.jpg 723w\" sizes=\"auto, (max-width: 212px) 100vw, 212px\" \/><\/a><a href=\"http:\/\/movebs.spargel-express.de\/wp-content\/uploads\/2015\/02\/Gueldenstrasse.jpg\"><img loading=\"lazy\" decoding=\"async\" class=\"aligncenter size-medium wp-image-143\" src=\"http:\/\/movebs.spargel-express.de\/wp-content\/uploads\/2015\/02\/Gueldenstrasse.jpg\" alt=\"Gueldenstrasse\" width=\"1\" height=\"1\" \/><\/a><\/p>\n","protected":false},"excerpt":{"rendered":"<p>Die westliche Innenstadtstrecke stellt eine wichtige Erweiterung des Braunschweiger Stra\u00dfenbahnnetzes dar. Aus vielen Bereichen Braunschweigs k\u00f6nnen direkte Verbindungen sowohl zum Bohlweg als auch in die westliche Innenstadt hergestellt werden (z.B. mit den Linien M3\/M5 aus der Weststadt). Insbesondere auch in &hellip; <a href=\"https:\/\/movebs.de\/?p=138\">Weiterlesen <span class=\"meta-nav\">&rarr;<\/span><\/a><\/p>\n","protected":false},"author":2,"featured_media":0,"comment_status":"closed","ping_status":"closed","sticky":false,"template":"","format":"standard","meta":{"footnotes":""},"categories":[8],"tags":[],"class_list":["post-138","post","type-post","status-publish","format-standard","hentry","category-stadtbahnplanung"],"post_mailing_queue_ids":[],"_links":{"self":[{"href":"https:\/\/movebs.de\/index.php?rest_route=\/wp\/v2\/posts\/138","targetHints":{"allow":["GET"]}}],"collection":[{"href":"https:\/\/movebs.de\/index.php?rest_route=\/wp\/v2\/posts"}],"about":[{"href":"https:\/\/movebs.de\/index.php?rest_route=\/wp\/v2\/types\/post"}],"author":[{"embeddable":true,"href":"https:\/\/movebs.de\/index.php?rest_route=\/wp\/v2\/users\/2"}],"replies":[{"embeddable":true,"href":"https:\/\/movebs.de\/index.php?rest_route=%2Fwp%2Fv2%2Fcomments&post=138"}],"version-history":[{"count":4,"href":"https:\/\/movebs.de\/index.php?rest_route=\/wp\/v2\/posts\/138\/revisions"}],"predecessor-version":[{"id":159,"href":"https:\/\/movebs.de\/index.php?rest_route=\/wp\/v2\/posts\/138\/revisions\/159"}],"wp:attachment":[{"href":"https:\/\/movebs.de\/index.php?rest_route=%2Fwp%2Fv2%2Fmedia&parent=138"}],"wp:term":[{"taxonomy":"category","embeddable":true,"href":"https:\/\/movebs.de\/index.php?rest_route=%2Fwp%2Fv2%2Fcategories&post=138"},{"taxonomy":"post_tag","embeddable":true,"href":"https:\/\/movebs.de\/index.php?rest_route=%2Fwp%2Fv2%2Ftags&post=138"}],"curies":[{"name":"wp","href":"https:\/\/api.w.org\/{rel}","templated":true}]}}